
{"id":1156,"date":"2018-05-19T14:08:10","date_gmt":"2018-05-19T17:08:10","guid":{"rendered":"http:\/\/eliezerladeira.com.br\/blog\/?p=1156"},"modified":"2018-08-31T22:55:43","modified_gmt":"2018-09-01T01:55:43","slug":"o-que-e-zenite","status":"publish","type":"post","link":"https:\/\/eliezerladeira.com.br\/blog\/o-que-e-zenite\/","title":{"rendered":"O que \u00e9 Z\u00eanite?"},"content":{"rendered":"<p>Z\u00eanite \u00e9 um ponto de refer\u00eancia para a observa\u00e7\u00e3o do c\u00e9u,\u00a0um conceito utilizado nas ci\u00eancias naturais, principalmente na astronomia.<\/p>\n<p>Z\u00eanite\u00a0\u00e9 definido como o ponto exatamente acima de um lugar espec\u00edfico, ou\u00a0seja, a partir de um ponto numa superf\u00edcie horizontal tra\u00e7a-se uma reta imagin\u00e1ria perpendicular ao plano, o ponto acima da esfera \u00e9 o z\u00eanite.<\/p>\n<p>Exite\u00a0 outro significado para a palavra z\u00eanite, que deriva de uma express\u00e3o em \u00e1rabe que significa \u201cdire\u00e7\u00e3o da cabe\u00e7a\u201d ou \u201ccaminho acima da cabe\u00e7a\u201d.<\/p>\n<p>O\u00a0termo z\u00eanite tamb\u00e9m pode ser usado para definir o ponto mais alto no c\u00e9u por onde um objeto celeste passa em sua trajet\u00f3ria aparente.<\/p>\n<p>Na\u00a0astronomia, z\u00eanite define um dos eixos do sistema horizontal de coordenadas. Nele, a altura de um objeto \u00e9 medida, em graus, a partir do horizonte, correspondendo sempre a 90\u00b0.<\/p>\n<h3>Z\u00eanite solar<\/h3>\n<p>Existe\u00a0tamb\u00e9m o z\u00eanite solar,\u00a0que \u00e9 quando o sol est\u00e1 diretamente acima das \u00e1rvores. Isso geralmente acontece ao meio-dia solar.<\/p>\n<p>O\u00a0z\u00eanite do sol sobre a terra ocorre apenas duas vezes ao ano e somente nas latitudes entre o Tr\u00f3pico de C\u00e2ncer e o Tr\u00f3pico de Capric\u00f3rnio.<\/p>\n<h3>Z\u00eanite e Nadir<\/h3>\n<p>Nadir\u00a0\u00e9 considerado o oposto do z\u00eanite, ou seja, o ponto de refer\u00eancia celeste que se op\u00f5e ao z\u00eanite.<\/p>\n<p>Como\u00a0o z\u00eanite \u00e9 tido como a regi\u00e3o mais elevada acima da cabe\u00e7a do observador do c\u00e9u celeste, o nadir consiste no ponto mais baixo, que est\u00e1 abaixo dos p\u00e9s do mesmo observador.<\/p>\n<p>Este\u00a0termo tamb\u00e9m se originou a partir do \u00e1rabe\u00a0<em>nadeer\u00a0<\/em>ou\u00a0<em>nathir<\/em>, que significa literalmente \u201coposto\u201d.<\/p>\n<div id=\"footer\" class=\"container\"><\/div>\n","protected":false},"excerpt":{"rendered":"<p>Z\u00eanite \u00e9 um ponto de refer\u00eancia para a observa\u00e7\u00e3o do c\u00e9u,\u00a0um conceito utilizado nas ci\u00eancias naturais, principalmente na astronomia. Z\u00eanite\u00a0\u00e9<\/p>\n","protected":false},"author":1,"featured_media":1157,"comment_status":"open","ping_status":"open","sticky":false,"template":"","format":"standard","meta":{"colormag_page_layout":"default_layout","_exactmetrics_skip_tracking":false,"_exactmetrics_sitenote_active":false,"_exactmetrics_sitenote_note":"","_exactmetrics_sitenote_category":0,"ngg_post_thumbnail":0,"jetpack_post_was_ever_published":false,"_jetpack_newsletter_access":"","_jetpack_dont_email_post_to_subs":false,"_jetpack_newsletter_tier_id":0,"_jetpack_memberships_contains_paywalled_content":false,"_jetpack_memberships_contains_paid_content":false,"footnotes":"","jetpack_publicize_message":"","jetpack_publicize_feature_enabled":true,"jetpack_social_post_already_shared":true,"jetpack_social_options":{"image_generator_settings":{"template":"highway","default_image_id":0,"font":"","enabled":false},"version":2}},"categories":[149],"tags":[18,37,281,150,280],"class_list":["post-1156","post","type-post","status-publish","format-standard","has-post-thumbnail","hentry","category-o-que-e","tag-ciencia","tag-curiosidades","tag-nadir","tag-significados","tag-zenite"],"aioseo_notices":[],"jetpack_publicize_connections":[],"jetpack_featured_media_url":"https:\/\/eliezerladeira.com.br\/blog\/wp-content\/uploads\/2017\/09\/OZ\u00eaniteeoNadirZ\u00eaniteNLSONadir.jpg","jetpack_sharing_enabled":true,"jetpack_likes_enabled":true,"jetpack-related-posts":[{"id":5291,"url":"https:\/\/eliezerladeira.com.br\/blog\/polissemia-o-que-e-com-exemplos\/","url_meta":{"origin":1156,"position":0},"title":"Polissemia: o que \u00e9 (com exemplos)","author":"admin","date":"","format":false,"excerpt":"Entenda o que \u00e9 polissemia, um fen\u00f4meno lingu\u00edstico que torna as palavras mais ricas e vers\u00e1teis, com exemplos e curiosidades para aprimorar seu conhecimento.","rel":"","context":"Em &quot;O que \u00e9&quot;","block_context":{"text":"O que \u00e9","link":"https:\/\/eliezerladeira.com.br\/blog\/category\/curiosidades\/o-que-e\/"},"img":{"alt_text":"","src":"https:\/\/i0.wp.com\/eliezerladeira.com.br\/blog\/wp-content\/uploads\/2025\/05\/polissemia.jpg?resize=350%2C200&ssl=1","width":350,"height":200,"srcset":"https:\/\/i0.wp.com\/eliezerladeira.com.br\/blog\/wp-content\/uploads\/2025\/05\/polissemia.jpg?resize=350%2C200&ssl=1 1x, https:\/\/i0.wp.com\/eliezerladeira.com.br\/blog\/wp-content\/uploads\/2025\/05\/polissemia.jpg?resize=525%2C300&ssl=1 1.5x, https:\/\/i0.wp.com\/eliezerladeira.com.br\/blog\/wp-content\/uploads\/2025\/05\/polissemia.jpg?resize=700%2C400&ssl=1 2x"},"classes":[]},{"id":2955,"url":"https:\/\/eliezerladeira.com.br\/blog\/jupiter-o-gigante-do-sistema-solar\/","url_meta":{"origin":1156,"position":1},"title":"J\u00fapiter: O Gigante do Sistema Solar","author":"admin","date":"","format":false,"excerpt":"Descubra J\u00fapiter, o maior planeta do Sistema Solar! Conhe\u00e7a suas caracter\u00edsticas, a Grande Mancha Vermelha, suas luas fascinantes e curiosidades surpreendentes.","rel":"","context":"Em &quot;Astronomia&quot;","block_context":{"text":"Astronomia","link":"https:\/\/eliezerladeira.com.br\/blog\/category\/disciplinas\/astronomia\/"},"img":{"alt_text":"","src":"https:\/\/i0.wp.com\/eliezerladeira.com.br\/blog\/wp-content\/uploads\/2025\/02\/Telescopio-James-Webb-revela-imagens-ineditas-de-Jupiter-Bernadete-Alves-1.jpg?resize=350%2C200&ssl=1","width":350,"height":200,"srcset":"https:\/\/i0.wp.com\/eliezerladeira.com.br\/blog\/wp-content\/uploads\/2025\/02\/Telescopio-James-Webb-revela-imagens-ineditas-de-Jupiter-Bernadete-Alves-1.jpg?resize=350%2C200&ssl=1 1x, https:\/\/i0.wp.com\/eliezerladeira.com.br\/blog\/wp-content\/uploads\/2025\/02\/Telescopio-James-Webb-revela-imagens-ineditas-de-Jupiter-Bernadete-Alves-1.jpg?resize=525%2C300&ssl=1 1.5x, https:\/\/i0.wp.com\/eliezerladeira.com.br\/blog\/wp-content\/uploads\/2025\/02\/Telescopio-James-Webb-revela-imagens-ineditas-de-Jupiter-Bernadete-Alves-1.jpg?resize=700%2C400&ssl=1 2x"},"classes":[]},{"id":791,"url":"https:\/\/eliezerladeira.com.br\/blog\/o-que-e-epistemologia\/","url_meta":{"origin":1156,"position":2},"title":"O que \u00e9 Epistemologia?","author":"admin","date":"","format":false,"excerpt":"[ratings] Epistemologia significa ci\u00eancia, conhecimento. \u00c9 o\u00a0estudo cient\u00edfico que trata dos problemas relacionados com a cren\u00e7a e o conhecimento, sua natureza e limita\u00e7\u00f5es. \u00c9 uma palavra que vem do grego. A epistemologia estuda a origem, a estrutura, os m\u00e9todos e a validade do conhecimento, e tamb\u00e9m \u00e9 conhecida como teoria\u2026","rel":"","context":"Em &quot;Filosofia&quot;","block_context":{"text":"Filosofia","link":"https:\/\/eliezerladeira.com.br\/blog\/category\/disciplinas\/filosofia\/"},"img":{"alt_text":"","src":"https:\/\/i0.wp.com\/eliezerladeira.com.br\/blog\/wp-content\/uploads\/2017\/09\/epistemologia.jpg?resize=350%2C200&ssl=1","width":350,"height":200,"srcset":"https:\/\/i0.wp.com\/eliezerladeira.com.br\/blog\/wp-content\/uploads\/2017\/09\/epistemologia.jpg?resize=350%2C200&ssl=1 1x, https:\/\/i0.wp.com\/eliezerladeira.com.br\/blog\/wp-content\/uploads\/2017\/09\/epistemologia.jpg?resize=525%2C300&ssl=1 1.5x, https:\/\/i0.wp.com\/eliezerladeira.com.br\/blog\/wp-content\/uploads\/2017\/09\/epistemologia.jpg?resize=700%2C400&ssl=1 2x"},"classes":[]},{"id":899,"url":"https:\/\/eliezerladeira.com.br\/blog\/gravidade\/","url_meta":{"origin":1156,"position":3},"title":"Gravidade","author":"admin","date":"","format":false,"excerpt":"[ratings] Gravidade ou gravita\u00e7\u00e3o\u00a0\u00e9 uma for\u00e7a que regula os objetos em repouso. As conclus\u00f5es sobre a exist\u00eancia da for\u00e7a da gravidade resultam da pesquisa de Isaac Newton (1642-1727) e foram aperfei\u00e7oadas pelos estudos de Albert Einstein (1879-1955). Conforme os relatos hist\u00f3ricos, Newton, ao observar uma ma\u00e7\u00e3 cair de uma \u00e1rvore,\u2026","rel":"","context":"Em &quot;F\u00edsica&quot;","block_context":{"text":"F\u00edsica","link":"https:\/\/eliezerladeira.com.br\/blog\/category\/disciplinas\/fisica\/"},"img":{"alt_text":"","src":"https:\/\/i0.wp.com\/eliezerladeira.com.br\/blog\/wp-content\/uploads\/2017\/09\/gravidade.jpg?resize=350%2C200&ssl=1","width":350,"height":200,"srcset":"https:\/\/i0.wp.com\/eliezerladeira.com.br\/blog\/wp-content\/uploads\/2017\/09\/gravidade.jpg?resize=350%2C200&ssl=1 1x, https:\/\/i0.wp.com\/eliezerladeira.com.br\/blog\/wp-content\/uploads\/2017\/09\/gravidade.jpg?resize=525%2C300&ssl=1 1.5x, https:\/\/i0.wp.com\/eliezerladeira.com.br\/blog\/wp-content\/uploads\/2017\/09\/gravidade.jpg?resize=700%2C400&ssl=1 2x"},"classes":[]},{"id":2783,"url":"https:\/\/eliezerladeira.com.br\/blog\/como-criar-um-widget\/","url_meta":{"origin":1156,"position":4},"title":"Como criar um\u00a0widget","author":"admin","date":"","format":false,"excerpt":"Produza seu pr\u00f3prio widget\u00a0e exporte seu feed RSS para outros sites e blogs. Os widgets\u00a0est\u00e3o no auge de sua popularidade. Com eles \u00e9 poss\u00edvel adicionar not\u00edcias, miniaplicativos, joguinhos e outros trecos digitais a qualquer blog ou site pessoal. Parece complicado de fazer, mas, em termos de programa\u00e7\u00e3o, um widget \u00e9\u2026","rel":"","context":"Em &quot;Programa\u00e7\u00e3o&quot;","block_context":{"text":"Programa\u00e7\u00e3o","link":"https:\/\/eliezerladeira.com.br\/blog\/category\/tecnologia\/programacao\/"},"img":{"alt_text":"266_widget2","src":"https:\/\/i0.wp.com\/netsysoft.wordpress.com\/wp-content\/uploads\/2009\/01\/266_widget2.jpg?resize=350%2C200&ssl=1","width":350,"height":200},"classes":[]},{"id":1808,"url":"https:\/\/eliezerladeira.com.br\/blog\/olimpiada-brasileira-de-astronomia-e-astronautica-2019-realiza-processo-seletivo\/","url_meta":{"origin":1156,"position":5},"title":"Olimp\u00edada Brasileira de Astronomia e Astron\u00e1utica 2019 realiza processo seletivo","author":"admin","date":"","format":false,"excerpt":"A 22\u00ba edi\u00e7\u00e3o da Olimp\u00edada Brasileira de Astronomia e Astron\u00e1utica (OBA) foi realizada ontem (17) em todas as Escolas participantes. A Olimp\u00edada \u00e9 voltada aos estudantes do Ensino Fundamental e M\u00e9dio de Escolas P\u00fablicas e Privadas de todo pa\u00eds. Neste ano foram inscritas 18 mil institui\u00e7\u00f5es. As provas, aplicadas na\u2026","rel":"","context":"Em &quot;Not\u00edcias&quot;","block_context":{"text":"Not\u00edcias","link":"https:\/\/eliezerladeira.com.br\/blog\/category\/noticias\/"},"img":{"alt_text":"","src":"https:\/\/i0.wp.com\/eliezerladeira.com.br\/blog\/wp-content\/uploads\/2019\/05\/oba.jpg?resize=350%2C200&ssl=1","width":350,"height":200,"srcset":"https:\/\/i0.wp.com\/eliezerladeira.com.br\/blog\/wp-content\/uploads\/2019\/05\/oba.jpg?resize=350%2C200&ssl=1 1x, https:\/\/i0.wp.com\/eliezerladeira.com.br\/blog\/wp-content\/uploads\/2019\/05\/oba.jpg?resize=525%2C300&ssl=1 1.5x, https:\/\/i0.wp.com\/eliezerladeira.com.br\/blog\/wp-content\/uploads\/2019\/05\/oba.jpg?resize=700%2C400&ssl=1 2x"},"classes":[]}],"_links":{"self":[{"href":"https:\/\/eliezerladeira.com.br\/blog\/wp-json\/wp\/v2\/posts\/1156","targetHints":{"allow":["GET"]}}],"collection":[{"href":"https:\/\/eliezerladeira.com.br\/blog\/wp-json\/wp\/v2\/posts"}],"about":[{"href":"https:\/\/eliezerladeira.com.br\/blog\/wp-json\/wp\/v2\/types\/post"}],"author":[{"embeddable":true,"href":"https:\/\/eliezerladeira.com.br\/blog\/wp-json\/wp\/v2\/users\/1"}],"replies":[{"embeddable":true,"href":"https:\/\/eliezerladeira.com.br\/blog\/wp-json\/wp\/v2\/comments?post=1156"}],"version-history":[{"count":1,"href":"https:\/\/eliezerladeira.com.br\/blog\/wp-json\/wp\/v2\/posts\/1156\/revisions"}],"predecessor-version":[{"id":1158,"href":"https:\/\/eliezerladeira.com.br\/blog\/wp-json\/wp\/v2\/posts\/1156\/revisions\/1158"}],"wp:featuredmedia":[{"embeddable":true,"href":"https:\/\/eliezerladeira.com.br\/blog\/wp-json\/wp\/v2\/media\/1157"}],"wp:attachment":[{"href":"https:\/\/eliezerladeira.com.br\/blog\/wp-json\/wp\/v2\/media?parent=1156"}],"wp:term":[{"taxonomy":"category","embeddable":true,"href":"https:\/\/eliezerladeira.com.br\/blog\/wp-json\/wp\/v2\/categories?post=1156"},{"taxonomy":"post_tag","embeddable":true,"href":"https:\/\/eliezerladeira.com.br\/blog\/wp-json\/wp\/v2\/tags?post=1156"}],"curies":[{"name":"wp","href":"https:\/\/api.w.org\/{rel}","templated":true}]}}