
{"id":1254,"date":"2018-06-09T12:25:19","date_gmt":"2018-06-09T15:25:19","guid":{"rendered":"http:\/\/eliezerladeira.com.br\/blog\/?p=1254"},"modified":"2018-09-01T11:32:17","modified_gmt":"2018-09-01T14:32:17","slug":"por-que-temos-acidez","status":"publish","type":"post","link":"https:\/\/eliezerladeira.com.br\/blog\/por-que-temos-acidez\/","title":{"rendered":"Por que temos acidez?"},"content":{"rendered":"<p>Acidez acontece porque o sistema nervoso \u00e9 acionado e estimula uma grande produ\u00e7\u00e3o de um \u00e1cido chamado\u00a0\u00e1cido clor\u00eddrico dentro do est\u00f4mago. Sendo assim, o suco g\u00e1strico fica altamente \u00e1cido e causa danos graves. Dentro do est\u00f4mago existe a constitui\u00e7\u00e3o b\u00e1sica de \u00e1gua, \u00e1cido e enzimas digestivas, e quando o PH \u00e9 alterado, ocasiona v\u00e1rios problemas e descontrole que gera uma inflama\u00e7\u00e3o.<\/p>\n<div class=\"entry-content\">\n<p>V\u00e1rios fatores podem contribuir para que ocorra a acidez em nosso organismo. Desde a alimenta\u00e7\u00e3o inadequada como fatores psicol\u00f3gicos podem alterar o bom funcionamento e gerar efeitos devastadores.<\/p>\n<p>Alimentos considerados perigosos para o consumo como frituras, gorduras, caf\u00e9 e frutas c\u00edtricas s\u00e3o os mais cotados na lista do que comemos; v\u00edcios no cigarro e \u00e1lcool tamb\u00e9m contribuem e o alto grau de estresse na vida cotidiana \u00e9 um fator de risco para o descontrole das fun\u00e7\u00f5es estomacais. E todos esses excessos na alimenta\u00e7\u00e3o e no psicol\u00f3gico provocam, al\u00e9m da acidez, v\u00e1rios outros transtornos, dentre eles: a \u00falcera e a gastrite.<\/p>\n<p>A gastrite \u00e9 uma grave inflama\u00e7\u00e3o nas paredes estomacais que passa a ser agressiva e est\u00e1 relacionada com as bact\u00e9rias presentes nos alimentos e na \u00e1gua ingerida. J\u00e1 a \u00falcera \u00e9 um est\u00e1gio avan\u00e7ado em forma de ferida grave que vai aumentando e poder\u00e1 atingir o duodeno e depois o intestino delgado.<\/p>\n<\/div>\n","protected":false},"excerpt":{"rendered":"<p>Acidez acontece porque o sistema nervoso \u00e9 acionado e estimula uma grande produ\u00e7\u00e3o de um \u00e1cido chamado\u00a0\u00e1cido clor\u00eddrico dentro do<\/p>\n","protected":false},"author":1,"featured_media":1255,"comment_status":"open","ping_status":"open","sticky":false,"template":"","format":"standard","meta":{"colormag_page_layout":"default_layout","_exactmetrics_skip_tracking":false,"_exactmetrics_sitenote_active":false,"_exactmetrics_sitenote_note":"","_exactmetrics_sitenote_category":0,"ngg_post_thumbnail":0,"jetpack_post_was_ever_published":false,"_jetpack_newsletter_access":"","_jetpack_dont_email_post_to_subs":false,"_jetpack_newsletter_tier_id":0,"_jetpack_memberships_contains_paywalled_content":false,"_jetpack_memberships_contains_paid_content":false,"footnotes":"","jetpack_publicize_message":"","jetpack_publicize_feature_enabled":true,"jetpack_social_post_already_shared":true,"jetpack_social_options":{"image_generator_settings":{"template":"highway","default_image_id":0,"font":"","enabled":false},"version":2}},"categories":[56,135],"tags":[336,57,37,267],"class_list":["post-1254","post","type-post","status-publish","format-standard","has-post-thumbnail","hentry","category-curiosidades","category-porque","tag-acidez","tag-comportamento-humano","tag-curiosidades","tag-por-que"],"aioseo_notices":[],"jetpack_publicize_connections":[],"jetpack_featured_media_url":"https:\/\/eliezerladeira.com.br\/blog\/wp-content\/uploads\/2018\/01\/acidez.jpg","jetpack_sharing_enabled":true,"jetpack_likes_enabled":true,"jetpack-related-posts":[{"id":1908,"url":"https:\/\/eliezerladeira.com.br\/blog\/maca\/","url_meta":{"origin":1254,"position":0},"title":"Ma\u00e7\u00e3","author":"admin","date":"","format":false,"excerpt":"A ma\u00e7\u00e3 \u00e9 uma fruta popular e muito consumida em todo o mundo, especialmente pela diversidade de nutrientes que possui. Pertencente \u00e0 fam\u00edlia bot\u00e2nica Rosaceae, cujo nome cient\u00edfico \u00e9 Malus domestica, sua origem \u00e9 asi\u00e1tica e a partir do cultivo ocorrido na \u00c1sia e Europa, ela foi sendo trazida para\u2026","rel":"","context":"Em &quot;Biologia&quot;","block_context":{"text":"Biologia","link":"https:\/\/eliezerladeira.com.br\/blog\/category\/disciplinas\/biologia\/"},"img":{"alt_text":"","src":"https:\/\/i0.wp.com\/eliezerladeira.com.br\/blog\/wp-content\/uploads\/2019\/08\/redapple2-cke.jpg?resize=350%2C200&ssl=1","width":350,"height":200,"srcset":"https:\/\/i0.wp.com\/eliezerladeira.com.br\/blog\/wp-content\/uploads\/2019\/08\/redapple2-cke.jpg?resize=350%2C200&ssl=1 1x, https:\/\/i0.wp.com\/eliezerladeira.com.br\/blog\/wp-content\/uploads\/2019\/08\/redapple2-cke.jpg?resize=525%2C300&ssl=1 1.5x, https:\/\/i0.wp.com\/eliezerladeira.com.br\/blog\/wp-content\/uploads\/2019\/08\/redapple2-cke.jpg?resize=700%2C400&ssl=1 2x"},"classes":[]},{"id":1918,"url":"https:\/\/eliezerladeira.com.br\/blog\/omega-3\/","url_meta":{"origin":1254,"position":1},"title":"\u00d4mega 3","author":"admin","date":"","format":false,"excerpt":"O \u00f4mega 3 \u00e9 um grupo de \u00e1cidos graxos poli-insaturados que desempenha diversas fun\u00e7\u00f5es no organismo, especialmente nos sistemas cardiovascular, pulmonar, imunol\u00f3gico e end\u00f3crino. Considerado uma gordura boa para o organismo, o \u00f4mega 3 deve ser ingerido a partir de suas diversas fontes de alimentos ou em formato de c\u00e1psulas.\u2026","rel":"","context":"Em &quot;Biologia&quot;","block_context":{"text":"Biologia","link":"https:\/\/eliezerladeira.com.br\/blog\/category\/disciplinas\/biologia\/"},"img":{"alt_text":"","src":"https:\/\/i0.wp.com\/eliezerladeira.com.br\/blog\/wp-content\/uploads\/2019\/08\/omega-3-800x445.jpg?resize=350%2C200&ssl=1","width":350,"height":200,"srcset":"https:\/\/i0.wp.com\/eliezerladeira.com.br\/blog\/wp-content\/uploads\/2019\/08\/omega-3-800x445.jpg?resize=350%2C200&ssl=1 1x, https:\/\/i0.wp.com\/eliezerladeira.com.br\/blog\/wp-content\/uploads\/2019\/08\/omega-3-800x445.jpg?resize=525%2C300&ssl=1 1.5x, https:\/\/i0.wp.com\/eliezerladeira.com.br\/blog\/wp-content\/uploads\/2019\/08\/omega-3-800x445.jpg?resize=700%2C400&ssl=1 2x"},"classes":[]},{"id":1666,"url":"https:\/\/eliezerladeira.com.br\/blog\/pesquisa-mostra-que-quase-metade-dos-brasileiros-tem-ma-digestao\/","url_meta":{"origin":1254,"position":2},"title":"Pesquisa mostra que quase metade dos brasileiros tem m\u00e1 digest\u00e3o","author":"admin","date":"","format":false,"excerpt":"Uma pesquisa realizada pela Federa\u00e7\u00e3o Brasileira de Gastroenterologia aponta que quase metade dos brasileiros sente algum sintoma de m\u00e1 digest\u00e3o como refluxo, azia e tosse seca. A azia foi o sintoma mais relatado nas cinco regi\u00f5es do pa\u00eds e o Nordeste apresentou mais relatos de sintomas, totalizando 48% das queixas.\u2026","rel":"","context":"Em &quot;Not\u00edcias&quot;","block_context":{"text":"Not\u00edcias","link":"https:\/\/eliezerladeira.com.br\/blog\/category\/noticias\/"},"img":{"alt_text":"","src":"https:\/\/i0.wp.com\/eliezerladeira.com.br\/blog\/wp-content\/uploads\/2018\/10\/ma-digestao-1.jpeg?resize=350%2C200&ssl=1","width":350,"height":200,"srcset":"https:\/\/i0.wp.com\/eliezerladeira.com.br\/blog\/wp-content\/uploads\/2018\/10\/ma-digestao-1.jpeg?resize=350%2C200&ssl=1 1x, https:\/\/i0.wp.com\/eliezerladeira.com.br\/blog\/wp-content\/uploads\/2018\/10\/ma-digestao-1.jpeg?resize=525%2C300&ssl=1 1.5x, https:\/\/i0.wp.com\/eliezerladeira.com.br\/blog\/wp-content\/uploads\/2018\/10\/ma-digestao-1.jpeg?resize=700%2C400&ssl=1 2x"},"classes":[]},{"id":259,"url":"https:\/\/eliezerladeira.com.br\/blog\/e-coli-enteroagregativa\/","url_meta":{"origin":1254,"position":3},"title":"E. Coli Enteroagregativa","author":"admin","date":"","format":false,"excerpt":"[ratings] E. Coli Enteroagregativa \u00e9 uma bact\u00e9ria que causa diarr\u00e9ia aquosa ou diarr\u00e9ia com sangue e que afeta, principalmente, crian\u00e7as devido ao consumo de \u00e1gua ou alimentos contaminados. Sintomas Dor de est\u00f4mago Dor abdominal Diarr\u00e9ia l\u00edquida ou diarr\u00e9ia com sangue V\u00f4mito Os sintomas costumam surgir de poucas horas ap\u00f3s a\u2026","rel":"","context":"Em &quot;Curiosidades&quot;","block_context":{"text":"Curiosidades","link":"https:\/\/eliezerladeira.com.br\/blog\/category\/curiosidades\/"},"img":{"alt_text":"","src":"https:\/\/i0.wp.com\/eliezerladeira.com.br\/blog\/wp-content\/uploads\/2017\/04\/doen%C3%A7as.jpg?resize=350%2C200&ssl=1","width":350,"height":200,"srcset":"https:\/\/i0.wp.com\/eliezerladeira.com.br\/blog\/wp-content\/uploads\/2017\/04\/doen%C3%A7as.jpg?resize=350%2C200&ssl=1 1x, https:\/\/i0.wp.com\/eliezerladeira.com.br\/blog\/wp-content\/uploads\/2017\/04\/doen%C3%A7as.jpg?resize=525%2C300&ssl=1 1.5x"},"classes":[]},{"id":3223,"url":"https:\/\/eliezerladeira.com.br\/blog\/os-beneficios-da-quinoa-o-superalimento-nutritivo\/","url_meta":{"origin":1254,"position":4},"title":"Os Benef\u00edcios da Quinoa: O Superalimento Nutritivo","author":"admin","date":"","format":false,"excerpt":"Descubra os incr\u00edveis benef\u00edcios da quinoa para a sa\u00fade! Rica em prote\u00ednas, fibras e minerais, esse superalimento auxilia na digest\u00e3o, controle de peso e sa\u00fade do cora\u00e7\u00e3o. Saiba como inclu\u00ed-la na sua dieta!","rel":"","context":"Em &quot;Sa\u00fade &amp; Bem-Estar&quot;","block_context":{"text":"Sa\u00fade &amp; Bem-Estar","link":"https:\/\/eliezerladeira.com.br\/blog\/category\/saude\/"},"img":{"alt_text":"","src":"https:\/\/i0.wp.com\/eliezerladeira.com.br\/blog\/wp-content\/uploads\/2025\/02\/Healthy-quinoa-recipe-1024x1024-1.jpg?resize=350%2C200&ssl=1","width":350,"height":200,"srcset":"https:\/\/i0.wp.com\/eliezerladeira.com.br\/blog\/wp-content\/uploads\/2025\/02\/Healthy-quinoa-recipe-1024x1024-1.jpg?resize=350%2C200&ssl=1 1x, https:\/\/i0.wp.com\/eliezerladeira.com.br\/blog\/wp-content\/uploads\/2025\/02\/Healthy-quinoa-recipe-1024x1024-1.jpg?resize=525%2C300&ssl=1 1.5x, https:\/\/i0.wp.com\/eliezerladeira.com.br\/blog\/wp-content\/uploads\/2025\/02\/Healthy-quinoa-recipe-1024x1024-1.jpg?resize=700%2C400&ssl=1 2x"},"classes":[]},{"id":3071,"url":"https:\/\/eliezerladeira.com.br\/blog\/os-ursos-realmente-gostam-de-mel\/","url_meta":{"origin":1254,"position":5},"title":"Os Ursos Realmente Gostam de Mel?","author":"admin","date":"","format":false,"excerpt":"Descubra se os ursos realmente gostam de mel, por que eles invadem colmeias e como lidam com as picadas das abelhas. Curiosidades e fatos sobre sua alimenta\u00e7\u00e3o!","rel":"","context":"Em &quot;Porque&quot;","block_context":{"text":"Porque","link":"https:\/\/eliezerladeira.com.br\/blog\/category\/curiosidades\/porque\/"},"img":{"alt_text":"","src":"https:\/\/i0.wp.com\/eliezerladeira.com.br\/blog\/wp-content\/uploads\/2025\/02\/urso-com-imagem-do-tema-do-mel-63206054.jpg?resize=350%2C200&ssl=1","width":350,"height":200,"srcset":"https:\/\/i0.wp.com\/eliezerladeira.com.br\/blog\/wp-content\/uploads\/2025\/02\/urso-com-imagem-do-tema-do-mel-63206054.jpg?resize=350%2C200&ssl=1 1x, https:\/\/i0.wp.com\/eliezerladeira.com.br\/blog\/wp-content\/uploads\/2025\/02\/urso-com-imagem-do-tema-do-mel-63206054.jpg?resize=525%2C300&ssl=1 1.5x, https:\/\/i0.wp.com\/eliezerladeira.com.br\/blog\/wp-content\/uploads\/2025\/02\/urso-com-imagem-do-tema-do-mel-63206054.jpg?resize=700%2C400&ssl=1 2x"},"classes":[]}],"_links":{"self":[{"href":"https:\/\/eliezerladeira.com.br\/blog\/wp-json\/wp\/v2\/posts\/1254","targetHints":{"allow":["GET"]}}],"collection":[{"href":"https:\/\/eliezerladeira.com.br\/blog\/wp-json\/wp\/v2\/posts"}],"about":[{"href":"https:\/\/eliezerladeira.com.br\/blog\/wp-json\/wp\/v2\/types\/post"}],"author":[{"embeddable":true,"href":"https:\/\/eliezerladeira.com.br\/blog\/wp-json\/wp\/v2\/users\/1"}],"replies":[{"embeddable":true,"href":"https:\/\/eliezerladeira.com.br\/blog\/wp-json\/wp\/v2\/comments?post=1254"}],"version-history":[{"count":1,"href":"https:\/\/eliezerladeira.com.br\/blog\/wp-json\/wp\/v2\/posts\/1254\/revisions"}],"predecessor-version":[{"id":1256,"href":"https:\/\/eliezerladeira.com.br\/blog\/wp-json\/wp\/v2\/posts\/1254\/revisions\/1256"}],"wp:featuredmedia":[{"embeddable":true,"href":"https:\/\/eliezerladeira.com.br\/blog\/wp-json\/wp\/v2\/media\/1255"}],"wp:attachment":[{"href":"https:\/\/eliezerladeira.com.br\/blog\/wp-json\/wp\/v2\/media?parent=1254"}],"wp:term":[{"taxonomy":"category","embeddable":true,"href":"https:\/\/eliezerladeira.com.br\/blog\/wp-json\/wp\/v2\/categories?post=1254"},{"taxonomy":"post_tag","embeddable":true,"href":"https:\/\/eliezerladeira.com.br\/blog\/wp-json\/wp\/v2\/tags?post=1254"}],"curies":[{"name":"wp","href":"https:\/\/api.w.org\/{rel}","templated":true}]}}