
{"id":1438,"date":"2018-09-12T15:25:39","date_gmt":"2018-09-12T18:25:39","guid":{"rendered":"http:\/\/eliezerladeira.com.br\/blog\/?p=1438"},"modified":"2018-09-12T15:25:39","modified_gmt":"2018-09-12T18:25:39","slug":"o-que-e-malemolente","status":"publish","type":"post","link":"https:\/\/eliezerladeira.com.br\/blog\/o-que-e-malemolente\/","title":{"rendered":"O que \u00e9 malemolente?"},"content":{"rendered":"<p>Malemolente significa mole, indolente, que tem malemol\u00eancia.\u00a0A palavra malemolente \u00e9 um regionalismo que n\u00e3o consta no dicion\u00e1rio da l\u00edngua portuguesa, por\u00e9m pode ser empregada em v\u00e1rios sentidos.<\/p>\n<p>Malemolente \u00e9 um adjetivo que faz refer\u00eancia a quem \u00e9 malandro, bo\u00eamio. \u00c9 tamb\u00e9m aquele que faz uso de artimanhas para se esquivar de algo ou de algu\u00e9m.<\/p>\n<p>Ser malemolente \u00e9 ser pregui\u00e7oso, n\u00e3o ter disposi\u00e7\u00e3o para fazer algo. \u00c9 aquele que est\u00e1 sentindo moleza, indisposi\u00e7\u00e3o ou uma calma excessiva.<\/p>\n<p>Com\u00a0rela\u00e7\u00e3o \u00e0 m\u00fasica, a ritmo, malemolente \u00e9 um gingado, uma atitude e gestos lentos dos malandros e bo\u00eamios. \u00c9 o jeito de falar ou mover-se como manha, com mal\u00edcia e eleg\u00e2ncia.<\/p>\n<p>Malemolente\u00a0vem de mole, molejo. \u00c9 uma express\u00e3o criada no Rio de Janeiro pelo estilo de vida de muitos cariocas. Inicialmente descrevia o modo de caminhar dos malandros, dos capoeiras, depois passou a ser usada tamb\u00e9m para descrever uma maneira de levar a vida. O cantor Bezerra da Silva dizia que o carioca tinha um caminhar malemolente devido ao fato de estar acostumado a descer as ladeiras e becos do morro onde morava.<\/p>\n<p>A palavra malemolente\u00a0\u00e9 um adjetivo de dois g\u00eaneros que se refere a quem tem m\u00e1 vontade contra algu\u00e9m, que tem m\u00e1 \u00edndole, que \u00e9 mal\u00e9volo.<\/p>\n<p>[ratings]<\/p>\n","protected":false},"excerpt":{"rendered":"<p>Malemolente significa mole, indolente, que tem malemol\u00eancia.\u00a0A palavra malemolente \u00e9 um regionalismo que n\u00e3o consta no dicion\u00e1rio da l\u00edngua portuguesa,<\/p>\n","protected":false},"author":1,"featured_media":1439,"comment_status":"open","ping_status":"open","sticky":false,"template":"","format":"standard","meta":{"colormag_page_layout":"default_layout","_exactmetrics_skip_tracking":false,"_exactmetrics_sitenote_active":false,"_exactmetrics_sitenote_note":"","_exactmetrics_sitenote_category":0,"ngg_post_thumbnail":0,"jetpack_post_was_ever_published":false,"_jetpack_newsletter_access":"","_jetpack_dont_email_post_to_subs":false,"_jetpack_newsletter_tier_id":0,"_jetpack_memberships_contains_paywalled_content":false,"_jetpack_memberships_contains_paid_content":false,"footnotes":"","jetpack_publicize_message":"","jetpack_publicize_feature_enabled":true,"jetpack_social_post_already_shared":true,"jetpack_social_options":{"image_generator_settings":{"template":"highway","default_image_id":0,"font":"","enabled":false},"version":2}},"categories":[149,60],"tags":[368,367,366,61,369,150],"class_list":["post-1438","post","type-post","status-publish","format-standard","has-post-thumbnail","hentry","category-o-que-e","category-portugues2","tag-indolente","tag-malemolencia","tag-malemolente","tag-portugues","tag-preguica","tag-significados"],"aioseo_notices":[],"jetpack_publicize_connections":[],"jetpack_featured_media_url":"https:\/\/eliezerladeira.com.br\/blog\/wp-content\/uploads\/2018\/09\/malemolente.jpg","jetpack_sharing_enabled":true,"jetpack_likes_enabled":true,"jetpack-related-posts":[{"id":542,"url":"https:\/\/eliezerladeira.com.br\/blog\/mario-kart-ou-mario-skate\/","url_meta":{"origin":1438,"position":0},"title":"Mario Kart ou Mario Skate?","author":"admin","date":"","format":false,"excerpt":"[ratings] Mario Kart foi uma febre para os que gostavam de jogar Super\u00a0Nintendo ou Nintendo 64. At\u00e9 hoje existem vers\u00f5es mais modernas do jogo para quem curte o game. Ainda assim, muitos dizem sentir saudades do jeito saudoso como jogavam com seus amigos. A emo\u00e7\u00e3o tomava conta na hora em\u2026","rel":"","context":"Em &quot;Cultura&quot;","block_context":{"text":"Cultura","link":"https:\/\/eliezerladeira.com.br\/blog\/category\/cultura\/"},"img":{"alt_text":"","src":"https:\/\/i0.wp.com\/eliezerladeira.com.br\/blog\/wp-content\/uploads\/2017\/06\/mario_kart.jpg?resize=350%2C200&ssl=1","width":350,"height":200,"srcset":"https:\/\/i0.wp.com\/eliezerladeira.com.br\/blog\/wp-content\/uploads\/2017\/06\/mario_kart.jpg?resize=350%2C200&ssl=1 1x, https:\/\/i0.wp.com\/eliezerladeira.com.br\/blog\/wp-content\/uploads\/2017\/06\/mario_kart.jpg?resize=525%2C300&ssl=1 1.5x, https:\/\/i0.wp.com\/eliezerladeira.com.br\/blog\/wp-content\/uploads\/2017\/06\/mario_kart.jpg?resize=700%2C400&ssl=1 2x"},"classes":[]},{"id":879,"url":"https:\/\/eliezerladeira.com.br\/blog\/palavras-que-fazem-falta-na-lingua-portuguesa\/","url_meta":{"origin":1438,"position":1},"title":"Palavras que fazem falta na L\u00edngua Portuguesa","author":"admin","date":"","format":false,"excerpt":"[ratings] Todas as\u00a0l\u00ednguas possuem palavras espec\u00edficas para designar a\u00e7\u00f5es, objetos, sentimentos, etc. Algumas dessas palavras n\u00e3o apresentam tradu\u00e7\u00e3o direta para a l\u00edngua portuguesa. O seu sentido apenas pode ser transmitido atrav\u00e9s de express\u00f5es, palavras pr\u00f3ximas ou constru\u00e7\u00f5es fr\u00e1sicas completas. Confira abaixo algumas palavras estrangeiras que t\u00eam significados incr\u00edveis! Hygge Palavra\u00a0em\u2026","rel":"","context":"Em &quot;Curiosidades&quot;","block_context":{"text":"Curiosidades","link":"https:\/\/eliezerladeira.com.br\/blog\/category\/curiosidades\/"},"img":{"alt_text":"","src":"https:\/\/i0.wp.com\/eliezerladeira.com.br\/blog\/wp-content\/uploads\/2017\/09\/palavrasestrangeiras-0-cke.jpg?resize=350%2C200&ssl=1","width":350,"height":200,"srcset":"https:\/\/i0.wp.com\/eliezerladeira.com.br\/blog\/wp-content\/uploads\/2017\/09\/palavrasestrangeiras-0-cke.jpg?resize=350%2C200&ssl=1 1x, https:\/\/i0.wp.com\/eliezerladeira.com.br\/blog\/wp-content\/uploads\/2017\/09\/palavrasestrangeiras-0-cke.jpg?resize=525%2C300&ssl=1 1.5x, https:\/\/i0.wp.com\/eliezerladeira.com.br\/blog\/wp-content\/uploads\/2017\/09\/palavrasestrangeiras-0-cke.jpg?resize=700%2C400&ssl=1 2x"},"classes":[]},{"id":1989,"url":"https:\/\/eliezerladeira.com.br\/blog\/descricao-ou-discricao\/","url_meta":{"origin":1438,"position":2},"title":"Descri\u00e7\u00e3o ou Discri\u00e7\u00e3o?","author":"admin","date":"","format":false,"excerpt":"Descri\u00e7\u00e3o e discri\u00e7\u00e3o s\u00e3o duas palavras par\u00f4nimas, visto que se assemelham na grafia e na pron\u00fancia, mas possuem sentidos diferentes. Descri\u00e7\u00e3o significa relatar algo, enquanto discri\u00e7\u00e3o significa ser discreto. Aprofundando... o que \u00e9 Descri\u00e7\u00e3o? Descri\u00e7\u00e3o \u00e9 o ato de descrever ou relatar algo detalhadamente. Esse substantivo feminino tem rela\u00e7\u00e3o com\u2026","rel":"","context":"Em &quot;Como&quot;","block_context":{"text":"Como","link":"https:\/\/eliezerladeira.com.br\/blog\/category\/curiosidades\/como\/"},"img":{"alt_text":"","src":"https:\/\/i0.wp.com\/eliezerladeira.com.br\/blog\/wp-content\/uploads\/2020\/04\/descricao.png?resize=350%2C200&ssl=1","width":350,"height":200,"srcset":"https:\/\/i0.wp.com\/eliezerladeira.com.br\/blog\/wp-content\/uploads\/2020\/04\/descricao.png?resize=350%2C200&ssl=1 1x, https:\/\/i0.wp.com\/eliezerladeira.com.br\/blog\/wp-content\/uploads\/2020\/04\/descricao.png?resize=525%2C300&ssl=1 1.5x, https:\/\/i0.wp.com\/eliezerladeira.com.br\/blog\/wp-content\/uploads\/2020\/04\/descricao.png?resize=700%2C400&ssl=1 2x"},"classes":[]},{"id":4555,"url":"https:\/\/eliezerladeira.com.br\/blog\/substantivo-comum-o-que-e-exemplos-e-como-usa-lo\/","url_meta":{"origin":1438,"position":3},"title":"Substantivo Comum: O Que \u00c9, Exemplos e Como Us\u00e1-lo","author":"admin","date":"","format":false,"excerpt":"Descubra o que \u00e9 um substantivo comum, veja exemplos pr\u00e1ticos, entenda sua diferen\u00e7a em rela\u00e7\u00e3o ao substantivo pr\u00f3prio e aprimore seu conhecimento de gram\u00e1tica!","rel":"","context":"Em &quot;Como&quot;","block_context":{"text":"Como","link":"https:\/\/eliezerladeira.com.br\/blog\/category\/curiosidades\/como\/"},"img":{"alt_text":"","src":"https:\/\/i0.wp.com\/eliezerladeira.com.br\/blog\/wp-content\/uploads\/2025\/03\/substantivo-comum-og.jpg?resize=350%2C200&ssl=1","width":350,"height":200,"srcset":"https:\/\/i0.wp.com\/eliezerladeira.com.br\/blog\/wp-content\/uploads\/2025\/03\/substantivo-comum-og.jpg?resize=350%2C200&ssl=1 1x, https:\/\/i0.wp.com\/eliezerladeira.com.br\/blog\/wp-content\/uploads\/2025\/03\/substantivo-comum-og.jpg?resize=525%2C300&ssl=1 1.5x, https:\/\/i0.wp.com\/eliezerladeira.com.br\/blog\/wp-content\/uploads\/2025\/03\/substantivo-comum-og.jpg?resize=700%2C400&ssl=1 2x"},"classes":[]},{"id":4569,"url":"https:\/\/eliezerladeira.com.br\/blog\/substantivo-concreto-o-que-e-exemplos-e-como-identifica-lo\/","url_meta":{"origin":1438,"position":4},"title":"Substantivo Concreto: O Que \u00c9, Exemplos e Como Identific\u00e1-lo","author":"admin","date":"","format":false,"excerpt":"Descubra o que s\u00e3o substantivos concretos, como identific\u00e1-los e veja exemplos pr\u00e1ticos para diferenci\u00e1-los dos abstratos. Aprimore seu conhecimento da l\u00edngua portuguesa!","rel":"","context":"Em &quot;Como&quot;","block_context":{"text":"Como","link":"https:\/\/eliezerladeira.com.br\/blog\/category\/curiosidades\/como\/"},"img":{"alt_text":"","src":"https:\/\/i0.wp.com\/eliezerladeira.com.br\/blog\/wp-content\/uploads\/2025\/03\/substantivo-concreto-og.jpg?resize=350%2C200&ssl=1","width":350,"height":200,"srcset":"https:\/\/i0.wp.com\/eliezerladeira.com.br\/blog\/wp-content\/uploads\/2025\/03\/substantivo-concreto-og.jpg?resize=350%2C200&ssl=1 1x, https:\/\/i0.wp.com\/eliezerladeira.com.br\/blog\/wp-content\/uploads\/2025\/03\/substantivo-concreto-og.jpg?resize=525%2C300&ssl=1 1.5x, https:\/\/i0.wp.com\/eliezerladeira.com.br\/blog\/wp-content\/uploads\/2025\/03\/substantivo-concreto-og.jpg?resize=700%2C400&ssl=1 2x"},"classes":[]},{"id":4148,"url":"https:\/\/eliezerladeira.com.br\/blog\/guia-de-manutencao-do-computador-para-preguicosos\/","url_meta":{"origin":1438,"position":5},"title":"Guia de manuten\u00e7\u00e3o do computador para\u00a0pregui\u00e7osos","author":"admin","date":"","format":false,"excerpt":"Como voc\u00ea deve saber, a coisa certa a se fazer \u00e9 sempre manter um backup (c\u00f3pia de seguran\u00e7a) dos seus arquivos, e os seus aplicativos e antiv\u00edrus sempre atualizados. Infelizmente, voc\u00ea \u00e9 \u2013 falando francamente \u2013 muito pregui\u00e7oso para realizar essas tarefas com a periodicidade desejada ou para procurar por\u2026","rel":"","context":"Em &quot;Inform\u00e1tica B\u00e1sica&quot;","block_context":{"text":"Inform\u00e1tica B\u00e1sica","link":"https:\/\/eliezerladeira.com.br\/blog\/category\/tecnologia\/informatica-basica\/"},"img":{"alt_text":"","src":"https:\/\/i0.wp.com\/netsysoft.wordpress.com\/wp-content\/uploads\/2010\/11\/image_preview.jpeg?resize=350%2C200&ssl=1","width":350,"height":200,"srcset":"https:\/\/i0.wp.com\/netsysoft.wordpress.com\/wp-content\/uploads\/2010\/11\/image_preview.jpeg?resize=350%2C200&ssl=1 1x, https:\/\/i0.wp.com\/netsysoft.wordpress.com\/wp-content\/uploads\/2010\/11\/image_preview.jpeg?resize=525%2C300&ssl=1 1.5x"},"classes":[]}],"_links":{"self":[{"href":"https:\/\/eliezerladeira.com.br\/blog\/wp-json\/wp\/v2\/posts\/1438","targetHints":{"allow":["GET"]}}],"collection":[{"href":"https:\/\/eliezerladeira.com.br\/blog\/wp-json\/wp\/v2\/posts"}],"about":[{"href":"https:\/\/eliezerladeira.com.br\/blog\/wp-json\/wp\/v2\/types\/post"}],"author":[{"embeddable":true,"href":"https:\/\/eliezerladeira.com.br\/blog\/wp-json\/wp\/v2\/users\/1"}],"replies":[{"embeddable":true,"href":"https:\/\/eliezerladeira.com.br\/blog\/wp-json\/wp\/v2\/comments?post=1438"}],"version-history":[{"count":1,"href":"https:\/\/eliezerladeira.com.br\/blog\/wp-json\/wp\/v2\/posts\/1438\/revisions"}],"predecessor-version":[{"id":1440,"href":"https:\/\/eliezerladeira.com.br\/blog\/wp-json\/wp\/v2\/posts\/1438\/revisions\/1440"}],"wp:featuredmedia":[{"embeddable":true,"href":"https:\/\/eliezerladeira.com.br\/blog\/wp-json\/wp\/v2\/media\/1439"}],"wp:attachment":[{"href":"https:\/\/eliezerladeira.com.br\/blog\/wp-json\/wp\/v2\/media?parent=1438"}],"wp:term":[{"taxonomy":"category","embeddable":true,"href":"https:\/\/eliezerladeira.com.br\/blog\/wp-json\/wp\/v2\/categories?post=1438"},{"taxonomy":"post_tag","embeddable":true,"href":"https:\/\/eliezerladeira.com.br\/blog\/wp-json\/wp\/v2\/tags?post=1438"}],"curies":[{"name":"wp","href":"https:\/\/api.w.org\/{rel}","templated":true}]}}