
{"id":1643,"date":"2018-10-09T15:49:02","date_gmt":"2018-10-09T18:49:02","guid":{"rendered":"http:\/\/eliezerladeira.com.br\/blog\/?p=1643"},"modified":"2018-10-09T15:49:02","modified_gmt":"2018-10-09T18:49:02","slug":"o-brasil-pode-se-tornar-uma-potencia-mundial","status":"publish","type":"post","link":"https:\/\/eliezerladeira.com.br\/blog\/o-brasil-pode-se-tornar-uma-potencia-mundial\/","title":{"rendered":"O Brasil pode se tornar uma pot\u00eancia mundial"},"content":{"rendered":"<p>Com o d\u00f3lar e o euro caindo drasticamente (sem explica\u00e7\u00f5es diretas e com entrada de muito dinheiro do exterior), segundo analistas norte-americanos o Brasil est\u00e1 dando passos largos para se aprimorar na economia, na pol\u00edtica e no militarismo. Segundo eles, daqui a alguns anos o pa\u00eds pode at\u00e9 mesmo ultrapassar It\u00e1lia e Alemanha.<\/p>\n<p>Segundo o jornal The World\u00a0Newspaper, o pa\u00eds est\u00e1 come\u00e7ando a concentrar muito dinheiro internacional, principalmente em d\u00f3lar, proveniente do que uma empresa brasileira pode faturar l\u00e1 fora e trazer para c\u00e1. O Brasil agora j\u00e1 come\u00e7a a ter dinheiro suficiente para pagar d\u00edvidas com outros pa\u00edses e ainda investir pesado no ex\u00e9rcito, educa\u00e7\u00e3o, sa\u00fade, seguran\u00e7a e infraestrutura. A popula\u00e7\u00e3o poder\u00e1 sentir os efeitos disso a partir do ano que vem, continua o jornal.<\/p>\n<h4>Brasil ajuda Haiti<\/h4>\n<p>A ONU j\u00e1 come\u00e7a a reconhecer o Brasil como um pa\u00eds com uma super hegemonia, j\u00e1 que a economia aparenta crescimento. Prova disso \u00e9 que a ONU pediu ao Brasil para enviar tropas do ex\u00e9rcito brasileiro ao Haiti para assegurar a prote\u00e7\u00e3o do pa\u00eds contra os que ainda defendem a ditadura.<\/p>\n<p><img fetchpriority=\"high\" decoding=\"async\" class=\"aligncenter size-full wp-image-1644\" src=\"http:\/\/eliezerladeira.com.br\/blog\/wp-content\/uploads\/2018\/10\/defesa-homenageia-militares-que-participaram-de-missao-de-paz-no-haiti.jpg\" alt=\"\" width=\"615\" height=\"300\" srcset=\"https:\/\/eliezerladeira.com.br\/blog\/wp-content\/uploads\/2018\/10\/defesa-homenageia-militares-que-participaram-de-missao-de-paz-no-haiti.jpg 615w, https:\/\/eliezerladeira.com.br\/blog\/wp-content\/uploads\/2018\/10\/defesa-homenageia-militares-que-participaram-de-missao-de-paz-no-haiti-600x293.jpg 600w, https:\/\/eliezerladeira.com.br\/blog\/wp-content\/uploads\/2018\/10\/defesa-homenageia-militares-que-participaram-de-missao-de-paz-no-haiti-300x146.jpg 300w\" sizes=\"(max-width: 615px) 100vw, 615px\" \/><\/p>\n<p>O presidente Donald Trump tamb\u00e9m j\u00e1 est\u00e1 mostrando afeto ao Brasil, dando esperan\u00e7as de uma poss\u00edvel reuni\u00e3o no Conselho de Seguran\u00e7a Internacional para discutir assuntos relevantes \u00e0 Venezuela.<\/p>\n<p>Investiga\u00e7\u00f5es pelo Alexa e a Bolsa de Valores brasileira est\u00e3o sendo feitas para averiguar o que causou este aumento repentino na economia do pa\u00eds. Enquanto isso, o povo brasileiro ainda espera com uma grande esperan\u00e7a de ver o Brasil como o melhor de todos os pa\u00edses do mundo.<\/p>\n<p><img decoding=\"async\" class=\"aligncenter size-full wp-image-1645 lazyload\" data-src=\"http:\/\/eliezerladeira.com.br\/blog\/wp-content\/uploads\/2018\/10\/jogo-do-brasil-contra-camaroes061.jpg\" alt=\"\" width=\"650\" height=\"409\" data-srcset=\"https:\/\/eliezerladeira.com.br\/blog\/wp-content\/uploads\/2018\/10\/jogo-do-brasil-contra-camaroes061.jpg 650w, https:\/\/eliezerladeira.com.br\/blog\/wp-content\/uploads\/2018\/10\/jogo-do-brasil-contra-camaroes061-600x378.jpg 600w, https:\/\/eliezerladeira.com.br\/blog\/wp-content\/uploads\/2018\/10\/jogo-do-brasil-contra-camaroes061-300x189.jpg 300w\" data-sizes=\"(max-width: 650px) 100vw, 650px\" src=\"data:image\/svg+xml;base64,PHN2ZyB3aWR0aD0iMSIgaGVpZ2h0PSIxIiB4bWxucz0iaHR0cDovL3d3dy53My5vcmcvMjAwMC9zdmciPjwvc3ZnPg==\" style=\"--smush-placeholder-width: 650px; --smush-placeholder-aspect-ratio: 650\/409;\" \/><\/p>\n<p>[ratings]<\/p>\n","protected":false},"excerpt":{"rendered":"<p>Com o d\u00f3lar e o euro caindo drasticamente (sem explica\u00e7\u00f5es diretas e com entrada de muito dinheiro do exterior), segundo<\/p>\n","protected":false},"author":1,"featured_media":1646,"comment_status":"open","ping_status":"open","sticky":false,"template":"","format":"standard","meta":{"colormag_page_layout":"default_layout","_exactmetrics_skip_tracking":false,"_exactmetrics_sitenote_active":false,"_exactmetrics_sitenote_note":"","_exactmetrics_sitenote_category":0,"ngg_post_thumbnail":0,"jetpack_post_was_ever_published":false,"_jetpack_newsletter_access":"","_jetpack_dont_email_post_to_subs":false,"_jetpack_newsletter_tier_id":0,"_jetpack_memberships_contains_paywalled_content":false,"_jetpack_memberships_contains_paid_content":false,"footnotes":"","jetpack_publicize_message":"","jetpack_publicize_feature_enabled":true,"jetpack_social_post_already_shared":true,"jetpack_social_options":{"image_generator_settings":{"template":"highway","default_image_id":0,"font":"","enabled":false},"version":2}},"categories":[223,10],"tags":[13,414,7,501],"class_list":["post-1643","post","type-post","status-publish","format-standard","has-post-thumbnail","hentry","category-economia-carreira","category-noticias","tag-brasil","tag-economia","tag-noticias","tag-potencia"],"aioseo_notices":[],"jetpack_publicize_connections":[],"jetpack_featured_media_url":"https:\/\/eliezerladeira.com.br\/blog\/wp-content\/uploads\/2018\/10\/brasil-potencia.jpg","jetpack_sharing_enabled":true,"jetpack_likes_enabled":true,"jetpack-related-posts":[{"id":1676,"url":"https:\/\/eliezerladeira.com.br\/blog\/paypal-e-deve-pagar-us-100-000-00000-para-empresas\/","url_meta":{"origin":1643,"position":0},"title":"Paypal deve pagar US$ 100.000.000,00 para empresas","author":"admin","date":"","format":false,"excerpt":"A justi\u00e7a estadunidense decretou no dia 12\/10\/2018 que a empresa PayPal dever\u00e1, al\u00e9m de pagar todo o dinheiro que deve para a Ebay e Tromblix, pagar tamb\u00e9m 100 milh\u00f5es de d\u00f3lares \u00e0 cada uma por recursos morais. J\u00e1 a Justi\u00e7a Federal brasileira pediu o afastamento da empresa por alguns anos,\u2026","rel":"","context":"Em &quot;Economia &amp; Carreira&quot;","block_context":{"text":"Economia &amp; Carreira","link":"https:\/\/eliezerladeira.com.br\/blog\/category\/economia-carreira\/"},"img":{"alt_text":"","src":"https:\/\/i0.wp.com\/eliezerladeira.com.br\/blog\/wp-content\/uploads\/2018\/10\/paypal-condenado.jpg?resize=350%2C200&ssl=1","width":350,"height":200,"srcset":"https:\/\/i0.wp.com\/eliezerladeira.com.br\/blog\/wp-content\/uploads\/2018\/10\/paypal-condenado.jpg?resize=350%2C200&ssl=1 1x, https:\/\/i0.wp.com\/eliezerladeira.com.br\/blog\/wp-content\/uploads\/2018\/10\/paypal-condenado.jpg?resize=525%2C300&ssl=1 1.5x, https:\/\/i0.wp.com\/eliezerladeira.com.br\/blog\/wp-content\/uploads\/2018\/10\/paypal-condenado.jpg?resize=700%2C400&ssl=1 2x"},"classes":[]},{"id":3572,"url":"https:\/\/eliezerladeira.com.br\/blog\/ipad-estreia-em-todo-o-mundo-em-marco\/","url_meta":{"origin":1643,"position":1},"title":"iPad estreia em todo o mundo em\u00a0mar\u00e7o","author":"admin","date":"","format":false,"excerpt":"A venda dos modelos sem suporte a redes 3G do iPad come\u00e7a nos Estados Unidos e em um grupo de pa\u00edses selecionados no final de mar\u00e7o. Entre estes pa\u00edses, devem estar o Canad\u00e1 e os membros da Uni\u00e3o Europeia. \u00c9 prov\u00e1vel, no entanto, que a estreia dos modelos sem 3G\u2026","rel":"","context":"Em &quot;Hardware&quot;","block_context":{"text":"Hardware","link":"https:\/\/eliezerladeira.com.br\/blog\/category\/tecnologia\/hardware\/"},"img":{"alt_text":"","src":"https:\/\/i0.wp.com\/netsysoft.wordpress.com\/wp-content\/uploads\/2010\/01\/steve-jobs-20100128124025.jpg?resize=350%2C200&ssl=1","width":350,"height":200},"classes":[]},{"id":4866,"url":"https:\/\/eliezerladeira.com.br\/blog\/guerra-fria-o-que-foi-suas-causas-e-consequencias\/","url_meta":{"origin":1643,"position":2},"title":"Guerra Fria: O que foi, suas causas e consequ\u00eancias","author":"admin","date":"","format":false,"excerpt":"Guerra Fria: entenda o que foi, suas causas, eventos marcantes e consequ\u00eancias desse conflito ideol\u00f3gico entre EUA e URSS que moldou o s\u00e9culo XX.","rel":"","context":"Em &quot;Hist\u00f3ria&quot;","block_context":{"text":"Hist\u00f3ria","link":"https:\/\/eliezerladeira.com.br\/blog\/category\/disciplinas\/historia2\/"},"img":{"alt_text":"","src":"https:\/\/i0.wp.com\/eliezerladeira.com.br\/blog\/wp-content\/uploads\/2025\/03\/A-dramatic-Cold-War-illustration-showing-a-split-world-with-the-United-States-on-one-side-represented-by-the-Statue-of-Liberty-and-the-American-flag.jpg?resize=350%2C200&ssl=1","width":350,"height":200,"srcset":"https:\/\/i0.wp.com\/eliezerladeira.com.br\/blog\/wp-content\/uploads\/2025\/03\/A-dramatic-Cold-War-illustration-showing-a-split-world-with-the-United-States-on-one-side-represented-by-the-Statue-of-Liberty-and-the-American-flag.jpg?resize=350%2C200&ssl=1 1x, https:\/\/i0.wp.com\/eliezerladeira.com.br\/blog\/wp-content\/uploads\/2025\/03\/A-dramatic-Cold-War-illustration-showing-a-split-world-with-the-United-States-on-one-side-represented-by-the-Statue-of-Liberty-and-the-American-flag.jpg?resize=525%2C300&ssl=1 1.5x, https:\/\/i0.wp.com\/eliezerladeira.com.br\/blog\/wp-content\/uploads\/2025\/03\/A-dramatic-Cold-War-illustration-showing-a-split-world-with-the-United-States-on-one-side-represented-by-the-Statue-of-Liberty-and-the-American-flag.jpg?resize=700%2C400&ssl=1 2x"},"classes":[]},{"id":2821,"url":"https:\/\/eliezerladeira.com.br\/blog\/mercantilismo-a-politica-economica-que-moldou-a-idade-moderna\/","url_meta":{"origin":1643,"position":3},"title":"Mercantilismo: A Pol\u00edtica Econ\u00f4mica que Moldou a Idade Moderna","author":"admin","date":"","format":false,"excerpt":"Descubra o que foi o mercantilismo, suas principais caracter\u00edsticas, impacto na economia global e como influenciou o com\u00e9rcio e o colonialismo na Idade Moderna. Saiba mais!","rel":"","context":"Em &quot;Hist\u00f3ria&quot;","block_context":{"text":"Hist\u00f3ria","link":"https:\/\/eliezerladeira.com.br\/blog\/category\/disciplinas\/historia2\/"},"img":{"alt_text":"","src":"https:\/\/i0.wp.com\/eliezerladeira.com.br\/blog\/wp-content\/uploads\/2025\/01\/DALL%C2%B7E-2025-01-31-09.44.59-A-historical-illustration-depicting-a-bustling-European-port-during-the-Age-of-Mercantilism-16th-18th-century.-Ships-are-being-loaded-with-goods-suc.jpg?resize=350%2C200&ssl=1","width":350,"height":200,"srcset":"https:\/\/i0.wp.com\/eliezerladeira.com.br\/blog\/wp-content\/uploads\/2025\/01\/DALL%C2%B7E-2025-01-31-09.44.59-A-historical-illustration-depicting-a-bustling-European-port-during-the-Age-of-Mercantilism-16th-18th-century.-Ships-are-being-loaded-with-goods-suc.jpg?resize=350%2C200&ssl=1 1x, https:\/\/i0.wp.com\/eliezerladeira.com.br\/blog\/wp-content\/uploads\/2025\/01\/DALL%C2%B7E-2025-01-31-09.44.59-A-historical-illustration-depicting-a-bustling-European-port-during-the-Age-of-Mercantilism-16th-18th-century.-Ships-are-being-loaded-with-goods-suc.jpg?resize=525%2C300&ssl=1 1.5x, https:\/\/i0.wp.com\/eliezerladeira.com.br\/blog\/wp-content\/uploads\/2025\/01\/DALL%C2%B7E-2025-01-31-09.44.59-A-historical-illustration-depicting-a-bustling-European-port-during-the-Age-of-Mercantilism-16th-18th-century.-Ships-are-being-loaded-with-goods-suc.jpg?resize=700%2C400&ssl=1 2x"},"classes":[]},{"id":4953,"url":"https:\/\/eliezerladeira.com.br\/blog\/vladimir-putin-biografia-governo-e-impacto-politico\/","url_meta":{"origin":1643,"position":4},"title":"Vladimir Putin: Biografia, Governo e Impacto Pol\u00edtico","author":"admin","date":"","format":false,"excerpt":"Conhe\u00e7a a trajet\u00f3ria de Vladimir Putin, desde sua carreira na KGB at\u00e9 seu impacto como l\u00edder da R\u00fassia. Entenda suas pol\u00edticas, conquistas e controv\u00e9rsias.","rel":"","context":"Em &quot;Biografias&quot;","block_context":{"text":"Biografias","link":"https:\/\/eliezerladeira.com.br\/blog\/category\/cultura\/biografias\/"},"img":{"alt_text":"","src":"https:\/\/i0.wp.com\/eliezerladeira.com.br\/blog\/wp-content\/uploads\/2025\/04\/vladimir-putin.jpg?resize=350%2C200&ssl=1","width":350,"height":200,"srcset":"https:\/\/i0.wp.com\/eliezerladeira.com.br\/blog\/wp-content\/uploads\/2025\/04\/vladimir-putin.jpg?resize=350%2C200&ssl=1 1x, https:\/\/i0.wp.com\/eliezerladeira.com.br\/blog\/wp-content\/uploads\/2025\/04\/vladimir-putin.jpg?resize=525%2C300&ssl=1 1.5x, https:\/\/i0.wp.com\/eliezerladeira.com.br\/blog\/wp-content\/uploads\/2025\/04\/vladimir-putin.jpg?resize=700%2C400&ssl=1 2x"},"classes":[]},{"id":1671,"url":"https:\/\/eliezerladeira.com.br\/blog\/paypal-esta-sendo-processada-por-varias-empresas\/","url_meta":{"origin":1643,"position":5},"title":"Paypal est\u00e1 sendo processada por v\u00e1rias empresas","author":"admin","date":"","format":false,"excerpt":"De acordo com not\u00edcias internacionais, a grande empresa financeira PayPal\u00a0poder\u00e1 ser processada por v\u00e1rias outras empresas, incluindo a UOL (do Brasil) e a Google (EUA). De acordo com eles, a empresa tem dado calotes em v\u00e1rias s\u00e9ries de pagamentos, no que inflinge os direitos comerciais e empresariais de cada empresa.\u2026","rel":"","context":"Em &quot;Inform\u00e1tica&quot;","block_context":{"text":"Inform\u00e1tica","link":"https:\/\/eliezerladeira.com.br\/blog\/category\/informatica\/"},"img":{"alt_text":"","src":"https:\/\/i0.wp.com\/eliezerladeira.com.br\/blog\/wp-content\/uploads\/2018\/10\/paypal.jpg?resize=350%2C200&ssl=1","width":350,"height":200,"srcset":"https:\/\/i0.wp.com\/eliezerladeira.com.br\/blog\/wp-content\/uploads\/2018\/10\/paypal.jpg?resize=350%2C200&ssl=1 1x, https:\/\/i0.wp.com\/eliezerladeira.com.br\/blog\/wp-content\/uploads\/2018\/10\/paypal.jpg?resize=525%2C300&ssl=1 1.5x, https:\/\/i0.wp.com\/eliezerladeira.com.br\/blog\/wp-content\/uploads\/2018\/10\/paypal.jpg?resize=700%2C400&ssl=1 2x"},"classes":[]}],"_links":{"self":[{"href":"https:\/\/eliezerladeira.com.br\/blog\/wp-json\/wp\/v2\/posts\/1643","targetHints":{"allow":["GET"]}}],"collection":[{"href":"https:\/\/eliezerladeira.com.br\/blog\/wp-json\/wp\/v2\/posts"}],"about":[{"href":"https:\/\/eliezerladeira.com.br\/blog\/wp-json\/wp\/v2\/types\/post"}],"author":[{"embeddable":true,"href":"https:\/\/eliezerladeira.com.br\/blog\/wp-json\/wp\/v2\/users\/1"}],"replies":[{"embeddable":true,"href":"https:\/\/eliezerladeira.com.br\/blog\/wp-json\/wp\/v2\/comments?post=1643"}],"version-history":[{"count":1,"href":"https:\/\/eliezerladeira.com.br\/blog\/wp-json\/wp\/v2\/posts\/1643\/revisions"}],"predecessor-version":[{"id":1647,"href":"https:\/\/eliezerladeira.com.br\/blog\/wp-json\/wp\/v2\/posts\/1643\/revisions\/1647"}],"wp:featuredmedia":[{"embeddable":true,"href":"https:\/\/eliezerladeira.com.br\/blog\/wp-json\/wp\/v2\/media\/1646"}],"wp:attachment":[{"href":"https:\/\/eliezerladeira.com.br\/blog\/wp-json\/wp\/v2\/media?parent=1643"}],"wp:term":[{"taxonomy":"category","embeddable":true,"href":"https:\/\/eliezerladeira.com.br\/blog\/wp-json\/wp\/v2\/categories?post=1643"},{"taxonomy":"post_tag","embeddable":true,"href":"https:\/\/eliezerladeira.com.br\/blog\/wp-json\/wp\/v2\/tags?post=1643"}],"curies":[{"name":"wp","href":"https:\/\/api.w.org\/{rel}","templated":true}]}}