
{"id":1848,"date":"2019-06-01T11:46:17","date_gmt":"2019-06-01T14:46:17","guid":{"rendered":"http:\/\/eliezerladeira.com.br\/blog\/?p=1848"},"modified":"2019-06-01T11:46:26","modified_gmt":"2019-06-01T14:46:26","slug":"mapas-da-europa","status":"publish","type":"post","link":"https:\/\/eliezerladeira.com.br\/blog\/mapas-da-europa\/","title":{"rendered":"Mapas da Europa"},"content":{"rendered":"\n<p>A Europa \u00e9 um dos seis continentes existentes no planeta, sendo o segundo menor em superf\u00edcie terrestre, estando atr\u00e1s apenas da Oceania.<\/p>\n<p>Com uma \u00e1rea de 10.498.000 km<sup>2 <\/sup>e uma popula\u00e7\u00e3o de 744.707.158 habitantes, o continente europeu possui 50 pa\u00edses independentes.<\/p>\n<h4><span style=\"color: #000080;\">Mapa Pol\u00edtico<\/span><\/h4>\n<p>A R\u00fassia \u00e9 o maior pa\u00eds da Europa e do mundo. Com um territ\u00f3rio de 17.098.242 km<sup>2<\/sup>, ela localiza-se em dois continentes, no leste europeu e na \u00c1sia (onde se concentra maior parte de suas terras), sendo que sua capital, Moscou, fica na parte europeia.<\/p>\n<p><img fetchpriority=\"high\" decoding=\"async\" class=\"aligncenter size-full wp-image-1849\" src=\"http:\/\/eliezerladeira.com.br\/blog\/wp-content\/uploads\/2019\/06\/mapa-europa-politico.jpg\" alt=\"\" width=\"630\" height=\"485\" srcset=\"https:\/\/eliezerladeira.com.br\/blog\/wp-content\/uploads\/2019\/06\/mapa-europa-politico.jpg 630w, https:\/\/eliezerladeira.com.br\/blog\/wp-content\/uploads\/2019\/06\/mapa-europa-politico-600x462.jpg 600w, https:\/\/eliezerladeira.com.br\/blog\/wp-content\/uploads\/2019\/06\/mapa-europa-politico-300x231.jpg 300w\" sizes=\"(max-width: 630px) 100vw, 630px\" \/><\/p>\n<p>O menor territ\u00f3rio da Europa \u00e9 o Vaticano, com um \u00e1rea de 0,44 km<sup>2<\/sup>. Apesar de se localizar dentro de Roma, a capital da It\u00e1lia, ele \u00e9 um Estado independente.<\/p>\n<h4><span style=\"color: #000080;\">Mapa F\u00edsico<\/span><\/h4>\n<p><img decoding=\"async\" class=\"aligncenter size-full wp-image-1850 lazyload\" data-src=\"http:\/\/eliezerladeira.com.br\/blog\/wp-content\/uploads\/2019\/06\/mapa-europa-fisico.jpg\" alt=\"\" width=\"630\" height=\"417\" data-srcset=\"https:\/\/eliezerladeira.com.br\/blog\/wp-content\/uploads\/2019\/06\/mapa-europa-fisico.jpg 630w, https:\/\/eliezerladeira.com.br\/blog\/wp-content\/uploads\/2019\/06\/mapa-europa-fisico-600x397.jpg 600w, https:\/\/eliezerladeira.com.br\/blog\/wp-content\/uploads\/2019\/06\/mapa-europa-fisico-300x199.jpg 300w\" data-sizes=\"(max-width: 630px) 100vw, 630px\" src=\"data:image\/svg+xml;base64,PHN2ZyB3aWR0aD0iMSIgaGVpZ2h0PSIxIiB4bWxucz0iaHR0cDovL3d3dy53My5vcmcvMjAwMC9zdmciPjwvc3ZnPg==\" style=\"--smush-placeholder-width: 630px; --smush-placeholder-aspect-ratio: 630\/417;\" \/><\/p>\n<p>Localizado no Hemisf\u00e9rio norte (acima da linha do Equador), o continente europeu faz limites com as seguintes \u00e1reas:<\/p>\n<div class=\"container\">\n<div id=\"content\" class=\"row\">\n<div id=\"article\" class=\"col-xs-12 col-md-8 col-lg-9\">\n<ul>\n<li><strong>Norte<\/strong>: Oceano Glacial \u00c1rtico e Mar do Norte<\/li>\n<li><strong>Sul<\/strong>: Mar Mediterr\u00e2neo<\/li>\n<li><strong>Leste<\/strong>: Montes Urais, fronteira natural com a \u00c1sia<\/li>\n<li><strong>Sudeste<\/strong>: Mar Negro<\/li>\n<li><strong>Oeste<\/strong>: Oceano Atl\u00e2ntico<\/li>\n<\/ul>\n<h4><span style=\"color: #000080;\">Divis\u00e3o Socioecon\u00f4mica<\/span><\/h4>\n<p>Baseada nas caracter\u00edsticas econ\u00f4micas, pol\u00edticas e humanas, classificamos a Europa em:<\/p>\n<ul>\n<li><strong>Europa Ocidental<\/strong>, onde se concentram os pa\u00edses desenvolvidos como Alemanha, Fran\u00e7a e Reino Unido.<\/li>\n<\/ul>\n<p><img decoding=\"async\" class=\"aligncenter size-full wp-image-1851 lazyload\" data-src=\"http:\/\/eliezerladeira.com.br\/blog\/wp-content\/uploads\/2019\/06\/mapa-europa-ocidental.jpg\" alt=\"\" width=\"630\" height=\"529\" data-srcset=\"https:\/\/eliezerladeira.com.br\/blog\/wp-content\/uploads\/2019\/06\/mapa-europa-ocidental.jpg 630w, https:\/\/eliezerladeira.com.br\/blog\/wp-content\/uploads\/2019\/06\/mapa-europa-ocidental-600x504.jpg 600w, https:\/\/eliezerladeira.com.br\/blog\/wp-content\/uploads\/2019\/06\/mapa-europa-ocidental-300x252.jpg 300w\" data-sizes=\"(max-width: 630px) 100vw, 630px\" src=\"data:image\/svg+xml;base64,PHN2ZyB3aWR0aD0iMSIgaGVpZ2h0PSIxIiB4bWxucz0iaHR0cDovL3d3dy53My5vcmcvMjAwMC9zdmciPjwvc3ZnPg==\" style=\"--smush-placeholder-width: 630px; --smush-placeholder-aspect-ratio: 630\/529;\" \/><\/p>\n<ul>\n<li><strong>Leste Europeu, Europa Oriental ou Europa do Leste<\/strong>, onde se concentram pa\u00edses menos desenvolvidos como Pol\u00f4nia, Ucr\u00e2nia e Cro\u00e1cia.<\/li>\n<\/ul>\n<p><img decoding=\"async\" class=\"aligncenter size-full wp-image-1852 lazyload\" data-src=\"http:\/\/eliezerladeira.com.br\/blog\/wp-content\/uploads\/2019\/06\/mapa-europa-oriental.jpg\" alt=\"\" width=\"630\" height=\"383\" data-srcset=\"https:\/\/eliezerladeira.com.br\/blog\/wp-content\/uploads\/2019\/06\/mapa-europa-oriental.jpg 630w, https:\/\/eliezerladeira.com.br\/blog\/wp-content\/uploads\/2019\/06\/mapa-europa-oriental-300x182.jpg 300w, https:\/\/eliezerladeira.com.br\/blog\/wp-content\/uploads\/2019\/06\/mapa-europa-oriental-600x365.jpg 600w\" data-sizes=\"(max-width: 630px) 100vw, 630px\" src=\"data:image\/svg+xml;base64,PHN2ZyB3aWR0aD0iMSIgaGVpZ2h0PSIxIiB4bWxucz0iaHR0cDovL3d3dy53My5vcmcvMjAwMC9zdmciPjwvc3ZnPg==\" style=\"--smush-placeholder-width: 630px; --smush-placeholder-aspect-ratio: 630\/383;\" \/><\/p>\n<h4><span style=\"color: #000080;\">Pa\u00edses e Suas Capitais<\/span><\/h4>\n<p><strong>Europa Ocidental<\/strong><\/p>\n<\/div>\n<div id=\"article\" class=\"col-xs-12 col-md-8 col-lg-9\">\n<ul>\n<li>Alemanha: Berlim<\/li>\n<li>\u00c1ustria: Viena<\/li>\n<li>Andorra: Andorra-a-Velha<\/li>\n<li>B\u00e9lgica: Bruxelas<\/li>\n<li>Dinamarca: Copenhague<\/li>\n<li>Espanha: Madri<\/li>\n<li>Finl\u00e2ndia: Helsinque<\/li>\n<li>Fran\u00e7a: Paris<\/li>\n<li>Gr\u00e9cia: Atenas<\/li>\n<li>Holanda (Pa\u00edses Baixos): Amsterd\u00e3<\/li>\n<li>Irlanda: Dublin<\/li>\n<li>Isl\u00e2ndia: Reykjavik<\/li>\n<li>It\u00e1lia: Roma<\/li>\n<li>Liechtenstein: Vaduz<\/li>\n<li>Luxemburgo: Luxemburgo<\/li>\n<li>M\u00f4naco: Cidade de M\u00f4naco<\/li>\n<li>Noruega: Oslo<\/li>\n<li>Portugal: Lisboa<\/li>\n<li>Reino Unido: Londres<\/li>\n<li>San Marino: San Marino<\/li>\n<li>Su\u00ed\u00e7a: Berna<\/li>\n<li>Su\u00e9cia: Estocolmo<\/li>\n<\/ul>\n<p><strong>Leste Europeu<\/strong><\/p>\n<ul>\n<li>Alb\u00e2nia: Tirana<\/li>\n<li>Belarus (Bielorr\u00fassia): Minsk<\/li>\n<li>B\u00f3snia-Herzeg\u00f3vina: Sarajevo<\/li>\n<li>Bulg\u00e1ria: Sofia<\/li>\n<li>Cro\u00e1cia: Zagreb<\/li>\n<li>Eslov\u00e1quia: Bratislava<\/li>\n<li>Eslov\u00eania: Liubliana<\/li>\n<li>Est\u00f4nia: Talliin<\/li>\n<li>Ge\u00f3rgia: Tibilisi<\/li>\n<li>Hungria: Budapeste<\/li>\n<li>Let\u00f4nia: Riga<\/li>\n<li>Litu\u00e2nia: Vilnius<\/li>\n<li>Maced\u00f4nia: Escopia<\/li>\n<li>Mold\u00e1via: Chisinau<\/li>\n<li>Montenegro: Podg\u00f3rica<\/li>\n<li>Pol\u00f4nia: Vars\u00f3via<\/li>\n<li>Rep\u00fablica Tcheca: Praga<\/li>\n<li>Rom\u00eania: Bucareste<\/li>\n<li>Servia: Belgrado<\/li>\n<li>R\u00fassia: Moscou<\/li>\n<li>Turquia: Ancara<\/li>\n<li>Ucr\u00e2nia: Kiev<\/li>\n<\/ul>\n<p>Alguns pa\u00edses que se encontram na \u00c1sia est\u00e3o listados como pertencentes ao leste europeu devido \u00e0s suas liga\u00e7\u00f5es socioculturais com a Europa. Esses pa\u00edses s\u00e3o:<\/p>\n<ul>\n<li>Arm\u00eania: Ierivan<\/li>\n<li>Azerbaidj\u00e3o: Baku<\/li>\n<\/ul>\n<h4><span style=\"color: #000080;\">Curiosidades<\/span><\/h4>\n<p>Voc\u00ea sabia que alguns pa\u00edses da Europa cabem dentro de alguns dos nossos Estados brasileiros? Veja abaixo alguns exemplos:<\/p>\n<ul>\n<li>A Alemanha, com uma \u00e1rea de 357.022 km<sup>2<\/sup>, cabe no Estado do Mato Grosso do Sul, que possui 357.145 km<sup>2<\/sup>.<\/li>\n<li>A Dinamarca, com uma \u00e1rea de 43.094 km<sup>2<\/sup>, cabe no Estado do Rio de Janeiro, que possui 43.781 km<sup>2<\/sup>.<\/li>\n<li>A Fran\u00e7a, com uma \u00e1rea de 549.190 km\u00b2, cabe no estado de Minas Gerais, que possui 586.520 km<sup>2<\/sup>.<\/li>\n<li>A It\u00e1lia, com \u00e1rea de 301.340 km<sup>2<\/sup>, cabe no estado do Maranh\u00e3o, que possui 331.936 km<sup>2<\/sup>.<\/li>\n<li>O Reino Unido, com \u00e1rea de 243.610 km<sup>2<\/sup>, cabe no estado de S\u00e3o Paulo, que possui 248.219 km<sup>2<\/sup>.<\/li>\n<li>Portugal, com \u00e1rea de 92.090 km<sup>2<\/sup>, cabe no estado de Santa Catarina, que possui 95.737 km<sup>2<\/sup>.<\/li>\n<\/ul>\n<p><img decoding=\"async\" class=\"aligncenter size-full wp-image-1853 lazyload\" data-src=\"http:\/\/eliezerladeira.com.br\/blog\/wp-content\/uploads\/2019\/06\/mapa-europa-brasil.jpg\" alt=\"\" width=\"630\" height=\"471\" data-srcset=\"https:\/\/eliezerladeira.com.br\/blog\/wp-content\/uploads\/2019\/06\/mapa-europa-brasil.jpg 630w, https:\/\/eliezerladeira.com.br\/blog\/wp-content\/uploads\/2019\/06\/mapa-europa-brasil-600x449.jpg 600w, https:\/\/eliezerladeira.com.br\/blog\/wp-content\/uploads\/2019\/06\/mapa-europa-brasil-300x224.jpg 300w\" data-sizes=\"(max-width: 630px) 100vw, 630px\" src=\"data:image\/svg+xml;base64,PHN2ZyB3aWR0aD0iMSIgaGVpZ2h0PSIxIiB4bWxucz0iaHR0cDovL3d3dy53My5vcmcvMjAwMC9zdmciPjwvc3ZnPg==\" style=\"--smush-placeholder-width: 630px; --smush-placeholder-aspect-ratio: 630\/471;\" \/><\/p>\n<p>[ratings]<\/p>\n<\/div>\n<\/div>\n<\/div>\n","protected":false},"excerpt":{"rendered":"<p>A Europa \u00e9 um dos seis continentes existentes no planeta, sendo o segundo menor em superf\u00edcie terrestre, estando atr\u00e1s apenas<\/p>\n","protected":false},"author":1,"featured_media":1854,"comment_status":"open","ping_status":"open","sticky":false,"template":"","format":"standard","meta":{"colormag_page_layout":"default_layout","_exactmetrics_skip_tracking":false,"_exactmetrics_sitenote_active":false,"_exactmetrics_sitenote_note":"","_exactmetrics_sitenote_category":0,"ngg_post_thumbnail":0,"jetpack_post_was_ever_published":false,"_jetpack_newsletter_access":"","_jetpack_dont_email_post_to_subs":false,"_jetpack_newsletter_tier_id":0,"_jetpack_memberships_contains_paywalled_content":false,"_jetpack_memberships_contains_paid_content":false,"footnotes":"","jetpack_publicize_message":"","jetpack_publicize_feature_enabled":true,"jetpack_social_post_already_shared":true,"jetpack_social_options":{"image_generator_settings":{"template":"highway","default_image_id":0,"font":"","enabled":false},"version":2}},"categories":[171],"tags":[37,596,172,595],"class_list":["post-1848","post","type-post","status-publish","format-standard","has-post-thumbnail","hentry","category-geografia2","tag-curiosidades","tag-europa","tag-geografia","tag-mapa"],"aioseo_notices":[],"jetpack_publicize_connections":[],"jetpack_featured_media_url":"https:\/\/eliezerladeira.com.br\/blog\/wp-content\/uploads\/2019\/06\/mapa-europa.jpg","jetpack_sharing_enabled":true,"jetpack_likes_enabled":true,"jetpack-related-posts":[{"id":4089,"url":"https:\/\/eliezerladeira.com.br\/blog\/continentes-mapa-lista-e-caracteristicas\/","url_meta":{"origin":1848,"position":0},"title":"Continentes: Mapa, Lista e Caracter\u00edsticas","author":"admin","date":"","format":false,"excerpt":"Descubra os continentes do mundo: mapa, lista e principais caracter\u00edsticas de cada um. Conhe\u00e7a curiosidades e diferen\u00e7as entre as grandes massas terrestres do planeta!","rel":"","context":"Em &quot;Geografia&quot;","block_context":{"text":"Geografia","link":"https:\/\/eliezerladeira.com.br\/blog\/category\/disciplinas\/geografia2\/"},"img":{"alt_text":"","src":"https:\/\/i0.wp.com\/eliezerladeira.com.br\/blog\/wp-content\/uploads\/2025\/03\/Globe-Continent-2015101219.jpg?resize=350%2C200&ssl=1","width":350,"height":200,"srcset":"https:\/\/i0.wp.com\/eliezerladeira.com.br\/blog\/wp-content\/uploads\/2025\/03\/Globe-Continent-2015101219.jpg?resize=350%2C200&ssl=1 1x, https:\/\/i0.wp.com\/eliezerladeira.com.br\/blog\/wp-content\/uploads\/2025\/03\/Globe-Continent-2015101219.jpg?resize=525%2C300&ssl=1 1.5x, https:\/\/i0.wp.com\/eliezerladeira.com.br\/blog\/wp-content\/uploads\/2025\/03\/Globe-Continent-2015101219.jpg?resize=700%2C400&ssl=1 2x"},"classes":[]},{"id":909,"url":"https:\/\/eliezerladeira.com.br\/blog\/regioes-brasileiras\/","url_meta":{"origin":1848,"position":1},"title":"Regi\u00f5es Brasileiras","author":"admin","date":"","format":false,"excerpt":"[ratings] As regi\u00f5es do Brasil\u00a0s\u00e3o as grandes divis\u00f5es do territ\u00f3rio do pa\u00eds. Elas re\u00fanem as caracter\u00edsticas f\u00edsicas ou naturais do relevo, do clima, da vegeta\u00e7\u00e3o, da hidrografia, assim como as atividades econ\u00f4micas. Considerando que o territ\u00f3rio brasileiro possui dimens\u00f5es continentais, com 8.515.767,049 km\u00b2, o IBGE (Instituto Brasileiro de Geografia e\u2026","rel":"","context":"Em &quot;Geografia&quot;","block_context":{"text":"Geografia","link":"https:\/\/eliezerladeira.com.br\/blog\/category\/disciplinas\/geografia2\/"},"img":{"alt_text":"","src":"https:\/\/i0.wp.com\/eliezerladeira.com.br\/blog\/wp-content\/uploads\/2017\/09\/Mapa-Regi%C3%B5es.jpg?resize=350%2C200&ssl=1","width":350,"height":200,"srcset":"https:\/\/i0.wp.com\/eliezerladeira.com.br\/blog\/wp-content\/uploads\/2017\/09\/Mapa-Regi%C3%B5es.jpg?resize=350%2C200&ssl=1 1x, https:\/\/i0.wp.com\/eliezerladeira.com.br\/blog\/wp-content\/uploads\/2017\/09\/Mapa-Regi%C3%B5es.jpg?resize=525%2C300&ssl=1 1.5x, https:\/\/i0.wp.com\/eliezerladeira.com.br\/blog\/wp-content\/uploads\/2017\/09\/Mapa-Regi%C3%B5es.jpg?resize=700%2C400&ssl=1 2x"},"classes":[]},{"id":5433,"url":"https:\/\/eliezerladeira.com.br\/blog\/%f0%9f%87%b7%f0%9f%87%ba-russia-territorio-historia-e-cultura\/","url_meta":{"origin":1848,"position":2},"title":"\ud83c\uddf7\ud83c\uddfa R\u00fassia: territ\u00f3rio, hist\u00f3ria e cultura","author":"admin","date":"","format":false,"excerpt":"Descubra tudo sobre a R\u00fassia: o maior pa\u00eds do mundo. Saiba mais sobre seu territ\u00f3rio, hist\u00f3ria e rica cultura, com mapas e curiosidades.","rel":"","context":"Em &quot;Cultura&quot;","block_context":{"text":"Cultura","link":"https:\/\/eliezerladeira.com.br\/blog\/category\/cultura\/"},"img":{"alt_text":"","src":"https:\/\/i0.wp.com\/eliezerladeira.com.br\/blog\/wp-content\/uploads\/2025\/07\/russia.jpg?resize=350%2C200&ssl=1","width":350,"height":200,"srcset":"https:\/\/i0.wp.com\/eliezerladeira.com.br\/blog\/wp-content\/uploads\/2025\/07\/russia.jpg?resize=350%2C200&ssl=1 1x, https:\/\/i0.wp.com\/eliezerladeira.com.br\/blog\/wp-content\/uploads\/2025\/07\/russia.jpg?resize=525%2C300&ssl=1 1.5x, https:\/\/i0.wp.com\/eliezerladeira.com.br\/blog\/wp-content\/uploads\/2025\/07\/russia.jpg?resize=700%2C400&ssl=1 2x"},"classes":[]},{"id":5412,"url":"https:\/\/eliezerladeira.com.br\/blog\/paises-da-europa-lista-completa-capitais-idiomas-e-economia\/","url_meta":{"origin":1848,"position":3},"title":"Pa\u00edses da Europa: lista completa, capitais, idiomas e economia","author":"admin","date":"","format":false,"excerpt":"Confira a lista completa de pa\u00edses da Europa com suas capitais, idiomas oficiais e um panorama econ\u00f4mico. Ideal para estudantes e curiosos por geografia.","rel":"","context":"Em &quot;Cultura&quot;","block_context":{"text":"Cultura","link":"https:\/\/eliezerladeira.com.br\/blog\/category\/cultura\/"},"img":{"alt_text":"","src":"https:\/\/i0.wp.com\/eliezerladeira.com.br\/blog\/wp-content\/uploads\/2025\/07\/paises-europa.jpg?resize=350%2C200&ssl=1","width":350,"height":200,"srcset":"https:\/\/i0.wp.com\/eliezerladeira.com.br\/blog\/wp-content\/uploads\/2025\/07\/paises-europa.jpg?resize=350%2C200&ssl=1 1x, https:\/\/i0.wp.com\/eliezerladeira.com.br\/blog\/wp-content\/uploads\/2025\/07\/paises-europa.jpg?resize=525%2C300&ssl=1 1.5x, https:\/\/i0.wp.com\/eliezerladeira.com.br\/blog\/wp-content\/uploads\/2025\/07\/paises-europa.jpg?resize=700%2C400&ssl=1 2x"},"classes":[]},{"id":1466,"url":"https:\/\/eliezerladeira.com.br\/blog\/imperialismo-e-colonialismo\/","url_meta":{"origin":1848,"position":4},"title":"Imperialismo e Colonialismo","author":"admin","date":"","format":false,"excerpt":"Colonialismo ou coloniza\u00e7\u00e3o foi a ocupa\u00e7\u00e3o de territ\u00f3rios na Am\u00e9rica e na costa africana por Portugal, Espanha, Inglaterra e Fran\u00e7a, nos s\u00e9culos XIV e XV. Imperialismo \u00e9 um conceito criado por Lenin para caracterizar a expans\u00e3o territorial de alguns pa\u00edses do continente europeu, Estados Unidos e Jap\u00e3o a territ\u00f3rios da\u2026","rel":"","context":"Em &quot;Hist\u00f3ria&quot;","block_context":{"text":"Hist\u00f3ria","link":"https:\/\/eliezerladeira.com.br\/blog\/category\/disciplinas\/historia2\/"},"img":{"alt_text":"","src":"https:\/\/i0.wp.com\/eliezerladeira.com.br\/blog\/wp-content\/uploads\/2018\/09\/imperialismo.jpg?resize=350%2C200&ssl=1","width":350,"height":200,"srcset":"https:\/\/i0.wp.com\/eliezerladeira.com.br\/blog\/wp-content\/uploads\/2018\/09\/imperialismo.jpg?resize=350%2C200&ssl=1 1x, https:\/\/i0.wp.com\/eliezerladeira.com.br\/blog\/wp-content\/uploads\/2018\/09\/imperialismo.jpg?resize=525%2C300&ssl=1 1.5x, https:\/\/i0.wp.com\/eliezerladeira.com.br\/blog\/wp-content\/uploads\/2018\/09\/imperialismo.jpg?resize=700%2C400&ssl=1 2x"},"classes":[]},{"id":5427,"url":"https:\/\/eliezerladeira.com.br\/blog\/projecoes-cartograficas-definicao-propriedades-e-exercicio\/","url_meta":{"origin":1848,"position":5},"title":"Proje\u00e7\u00f5es Cartogr\u00e1ficas","author":"admin","date":"","format":false,"excerpt":"Entenda o que s\u00e3o proje\u00e7\u00f5es cartogr\u00e1ficas, quais suas propriedades, os principais tipos e veja um exerc\u00edcio comentado para fixar o conte\u00fado.","rel":"","context":"Em &quot;Geografia&quot;","block_context":{"text":"Geografia","link":"https:\/\/eliezerladeira.com.br\/blog\/category\/disciplinas\/geografia2\/"},"img":{"alt_text":"","src":"https:\/\/i0.wp.com\/eliezerladeira.com.br\/blog\/wp-content\/uploads\/2025\/07\/projecoes-cartograficas.jpg?resize=350%2C200&ssl=1","width":350,"height":200,"srcset":"https:\/\/i0.wp.com\/eliezerladeira.com.br\/blog\/wp-content\/uploads\/2025\/07\/projecoes-cartograficas.jpg?resize=350%2C200&ssl=1 1x, https:\/\/i0.wp.com\/eliezerladeira.com.br\/blog\/wp-content\/uploads\/2025\/07\/projecoes-cartograficas.jpg?resize=525%2C300&ssl=1 1.5x, https:\/\/i0.wp.com\/eliezerladeira.com.br\/blog\/wp-content\/uploads\/2025\/07\/projecoes-cartograficas.jpg?resize=700%2C400&ssl=1 2x"},"classes":[]}],"_links":{"self":[{"href":"https:\/\/eliezerladeira.com.br\/blog\/wp-json\/wp\/v2\/posts\/1848","targetHints":{"allow":["GET"]}}],"collection":[{"href":"https:\/\/eliezerladeira.com.br\/blog\/wp-json\/wp\/v2\/posts"}],"about":[{"href":"https:\/\/eliezerladeira.com.br\/blog\/wp-json\/wp\/v2\/types\/post"}],"author":[{"embeddable":true,"href":"https:\/\/eliezerladeira.com.br\/blog\/wp-json\/wp\/v2\/users\/1"}],"replies":[{"embeddable":true,"href":"https:\/\/eliezerladeira.com.br\/blog\/wp-json\/wp\/v2\/comments?post=1848"}],"version-history":[{"count":1,"href":"https:\/\/eliezerladeira.com.br\/blog\/wp-json\/wp\/v2\/posts\/1848\/revisions"}],"predecessor-version":[{"id":1855,"href":"https:\/\/eliezerladeira.com.br\/blog\/wp-json\/wp\/v2\/posts\/1848\/revisions\/1855"}],"wp:featuredmedia":[{"embeddable":true,"href":"https:\/\/eliezerladeira.com.br\/blog\/wp-json\/wp\/v2\/media\/1854"}],"wp:attachment":[{"href":"https:\/\/eliezerladeira.com.br\/blog\/wp-json\/wp\/v2\/media?parent=1848"}],"wp:term":[{"taxonomy":"category","embeddable":true,"href":"https:\/\/eliezerladeira.com.br\/blog\/wp-json\/wp\/v2\/categories?post=1848"},{"taxonomy":"post_tag","embeddable":true,"href":"https:\/\/eliezerladeira.com.br\/blog\/wp-json\/wp\/v2\/tags?post=1848"}],"curies":[{"name":"wp","href":"https:\/\/api.w.org\/{rel}","templated":true}]}}