
{"id":3759,"date":"2010-04-30T14:40:25","date_gmt":"2010-04-30T17:40:25","guid":{"rendered":"https:\/\/eliezerladeira.com.br\/blog\/?p=3759"},"modified":"2026-02-10T11:48:24","modified_gmt":"2026-02-10T14:48:24","slug":"carros-invocados","status":"publish","type":"post","link":"https:\/\/eliezerladeira.com.br\/blog\/carros-invocados\/","title":{"rendered":"Carros invocados"},"content":{"rendered":"<div class=\"entry\">\n<p><a href=\"https:\/\/netsysoft.wordpress.com\/wp-content\/uploads\/2010\/04\/kombi.gif\"><img decoding=\"async\" class=\"aligncenter size-full wp-image-979 lazyload\" title=\"kombi\" data-src=\"https:\/\/netsysoft.wordpress.com\/wp-content\/uploads\/2010\/04\/kombi.gif?w=468\" data-sizes=\"(max-width: 300px) 100vw, 300px\" data-srcset=\"https:\/\/netsysoft.wordpress.com\/wp-content\/uploads\/2010\/04\/kombi.gif 300w, https:\/\/netsysoft.wordpress.com\/wp-content\/uploads\/2010\/04\/kombi.gif?w=150&amp;h=82 150w\" alt=\"\" data-attachment-id=\"979\" data-permalink=\"https:\/\/netsysoft.wordpress.com\/2010\/04\/30\/carros-invocados\/kombi\/\" data-orig-file=\"https:\/\/netsysoft.wordpress.com\/wp-content\/uploads\/2010\/04\/kombi.gif\" data-orig-size=\"300,164\" data-comments-opened=\"1\" data-image-meta=\"{&quot;aperture&quot;:&quot;0&quot;,&quot;credit&quot;:&quot;&quot;,&quot;camera&quot;:&quot;&quot;,&quot;caption&quot;:&quot;&quot;,&quot;created_timestamp&quot;:&quot;0&quot;,&quot;copyright&quot;:&quot;&quot;,&quot;focal_length&quot;:&quot;0&quot;,&quot;iso&quot;:&quot;0&quot;,&quot;shutter_speed&quot;:&quot;0&quot;,&quot;title&quot;:&quot;&quot;}\" data-image-title=\"kombi\" data-image-description=\"\" data-image-caption=\"\" data-medium-file=\"https:\/\/netsysoft.wordpress.com\/wp-content\/uploads\/2010\/04\/kombi.gif?w=300\" data-large-file=\"https:\/\/netsysoft.wordpress.com\/wp-content\/uploads\/2010\/04\/kombi.gif?w=300\" src=\"data:image\/svg+xml;base64,PHN2ZyB3aWR0aD0iMSIgaGVpZ2h0PSIxIiB4bWxucz0iaHR0cDovL3d3dy53My5vcmcvMjAwMC9zdmciPjwvc3ZnPg==\"><\/a><\/p>\n<p>Gostou da Kombi invocada acima?<\/p>\n<p>O (divertido) site&nbsp;<a href=\"http:\/\/www.busselecta.com\/\" target=\"_blank\" rel=\"noopener\">Bus Selecta<\/a>&nbsp;permite montar Kombis, Porsches e Fusc\u00f5es para l\u00e1 de invocados. Sim, \u00e9 coisa para quem n\u00e3o tem o que fazer, mas que \u00e9 legal, \u00e9!<\/p>\n<p>&nbsp;<\/p>\n<\/div>\n","protected":false},"excerpt":{"rendered":"<p>Gostou da Kombi invocada acima? O (divertido) site&nbsp;Bus Selecta&nbsp;permite montar Kombis, Porsches e Fusc\u00f5es para l\u00e1 de invocados. Sim, \u00e9<\/p>\n","protected":false},"author":1,"featured_media":0,"comment_status":"open","ping_status":"open","sticky":false,"template":"","format":"standard","meta":{"colormag_page_layout":"default_layout","_exactmetrics_skip_tracking":false,"_exactmetrics_sitenote_active":false,"_exactmetrics_sitenote_note":"","_exactmetrics_sitenote_category":0,"ngg_post_thumbnail":0,"jetpack_post_was_ever_published":false,"_jetpack_newsletter_access":"","_jetpack_dont_email_post_to_subs":false,"_jetpack_newsletter_tier_id":0,"_jetpack_memberships_contains_paywalled_content":false,"_jetpack_memberships_contains_paid_content":false,"footnotes":"","jetpack_publicize_message":"Carros invocados","jetpack_publicize_feature_enabled":true,"jetpack_social_post_already_shared":true,"jetpack_social_options":{"image_generator_settings":{"template":"highway","default_image_id":0,"font":"","enabled":false},"version":2}},"categories":[56],"tags":[1861,37,1272,1573,50,1862,1863],"class_list":["post-3759","post","type-post","status-publish","format-standard","hentry","category-curiosidades","tag-bus-selecta","tag-curiosidades","tag-entretenimento","tag-imagens","tag-internet","tag-kombi","tag-porsche"],"aioseo_notices":[],"jetpack_publicize_connections":[],"jetpack_featured_media_url":"","jetpack_sharing_enabled":true,"jetpack_likes_enabled":true,"jetpack-related-posts":[{"id":3771,"url":"https:\/\/eliezerladeira.com.br\/blog\/placas-ridiculas\/","url_meta":{"origin":3759,"position":0},"title":"Placas Rid\u00edculas","author":"admin","date":"","format":false,"excerpt":"O mundo \u00e9 mesmo um lugar cheio de coisas bizarras, engra\u00e7adas e ex\u00f3ticas, n\u00e3o necessariamente nessa ordem. Algumas placas e avisos pintados em muros, paredes e port\u00f5es enquadram-se perfeitamente nessas tr\u00eas categorias. O site\u00a0Placas Rid\u00edculas\u00a0re\u00fane p\u00e1ginas e mais p\u00e1ginas com dezenas, talvez centenas de fotos divertid\u00edssimas de placas (d\u00e3\u00e3, \u00f3bvio)\u2026","rel":"","context":"Em &quot;Curiosidades&quot;","block_context":{"text":"Curiosidades","link":"https:\/\/eliezerladeira.com.br\/blog\/category\/curiosidades\/"},"img":{"alt_text":"","src":"https:\/\/i0.wp.com\/netsysoft.wordpress.com\/wp-content\/uploads\/2010\/05\/auto.jpg?resize=350%2C200&ssl=1","width":350,"height":200,"srcset":"https:\/\/i0.wp.com\/netsysoft.wordpress.com\/wp-content\/uploads\/2010\/05\/auto.jpg?resize=350%2C200&ssl=1 1x, https:\/\/i0.wp.com\/netsysoft.wordpress.com\/wp-content\/uploads\/2010\/05\/auto.jpg?resize=525%2C300&ssl=1 1.5x, https:\/\/i0.wp.com\/netsysoft.wordpress.com\/wp-content\/uploads\/2010\/05\/auto.jpg?resize=700%2C400&ssl=1 2x"},"classes":[]},{"id":4753,"url":"https:\/\/eliezerladeira.com.br\/blog\/modelos-de-biquini-lavam-aviao-em-comercial-de-companhia-aerea-russa\/","url_meta":{"origin":3759,"position":1},"title":"Modelos de biqu\u00edni lavam avi\u00e3o em comercial de companhia a\u00e9rea russa","author":"admin","date":"","format":false,"excerpt":"O comercial de uma companhia a\u00e9rea na R\u00fassia com modelos de biqu\u00edni promete fazer muito sucesso na internet. http:\/\/www.youtube.com\/watch?v=psmmlpI79RM No maior estilo \u201ccar wash\u201d, onde o carro foi substitu\u00eddo pela aeronave, quatro modelos aparecem vestidas de aeromo\u00e7a no come\u00e7o do v\u00eddeo de dois minutos, mas logo trocam o uniforme por\u2026","rel":"","context":"Em &quot;Curiosidades&quot;","block_context":{"text":"Curiosidades","link":"https:\/\/eliezerladeira.com.br\/blog\/category\/curiosidades\/"},"img":{"alt_text":"modelos620aviao_vale","src":"https:\/\/i0.wp.com\/www.eliezerladeira.com.br\/site_old\/wp-content\/uploads\/2016\/08\/modelos620aviao_vale.jpg?resize=350%2C200","width":350,"height":200,"srcset":"https:\/\/i0.wp.com\/www.eliezerladeira.com.br\/site_old\/wp-content\/uploads\/2016\/08\/modelos620aviao_vale.jpg?resize=350%2C200 1x, https:\/\/i0.wp.com\/www.eliezerladeira.com.br\/site_old\/wp-content\/uploads\/2016\/08\/modelos620aviao_vale.jpg?resize=525%2C300 1.5x"},"classes":[]},{"id":3767,"url":"https:\/\/eliezerladeira.com.br\/blog\/seja-um-codigo-de-barras\/","url_meta":{"origin":3759,"position":2},"title":"Seja um c\u00f3digo de\u00a0barras","author":"admin","date":"","format":false,"excerpt":"C\u00f3digos de barras est\u00e3o por toda parte. Embora sua principal fun\u00e7\u00e3o seja codificar o valor de um produto, eles tamb\u00e9m podem simbolizar o pr\u00f3prio consumidor.","rel":"","context":"Em &quot;Curiosidades&quot;","block_context":{"text":"Curiosidades","link":"https:\/\/eliezerladeira.com.br\/blog\/category\/curiosidades\/"},"img":{"alt_text":"","src":"","width":0,"height":0},"classes":[]},{"id":3674,"url":"https:\/\/eliezerladeira.com.br\/blog\/saiba-como-transformar-imagens-normais-em-tridimensionais\/","url_meta":{"origin":3759,"position":3},"title":"Saiba como transformar imagens normais em\u00a0tridimensionais","author":"admin","date":"","format":false,"excerpt":"Fotografia 3D (Foto: Richard Bartz\/Wiki Commons\/Divulga\u00e7\u00e3o) Com a chegada das primeiras TVs com exibi\u00e7\u00e3o em tr\u00eas dimens\u00f5es ao Brasil e an\u00fancios de produtos como videogames capazes de reproduzir imagens 3D sem o uso de \u00f3culos, os consumidores est\u00e3o curiosos para acompanhar de perto as novidades da tecnologia tridimensional. Com exce\u00e7\u00e3o\u2026","rel":"","context":"Em &quot;Hardware&quot;","block_context":{"text":"Hardware","link":"https:\/\/eliezerladeira.com.br\/blog\/category\/tecnologia\/hardware\/"},"img":{"alt_text":"Estereograma para visualiza\u00e7\u00e3o com os olhos cruzados (Foto: Wiki Commons\/Divulga\u00e7\u00e3o)","src":"https:\/\/i0.wp.com\/netsysoft.wordpress.com\/wp-content\/uploads\/2010\/04\/carro.jpg?resize=350%2C200&ssl=1","width":350,"height":200},"classes":[]},{"id":3711,"url":"https:\/\/eliezerladeira.com.br\/blog\/o-fenomeno-p-no-tumblr\/","url_meta":{"origin":3759,"position":4},"title":"O fen\u00f4meno p**** no\u00a0Tumblr","author":"admin","date":"","format":false,"excerpt":"Ningu\u00e9m sabe ao certo de onde vieram as m\u00e1s influ\u00eancias. Mas a internet brasileira vive um momento de humor, digamos, politicamente incorreto: o fen\u00f4meno p**** no Tumblr.","rel":"","context":"Em &quot;Curiosidades&quot;","block_context":{"text":"Curiosidades","link":"https:\/\/eliezerladeira.com.br\/blog\/category\/curiosidades\/"},"img":{"alt_text":"","src":"https:\/\/i0.wp.com\/netsysoft.wordpress.com\/wp-content\/uploads\/2010\/04\/felipe-dylon-20100309160942.jpg?resize=350%2C200&ssl=1","width":350,"height":200},"classes":[]},{"id":1353,"url":"https:\/\/eliezerladeira.com.br\/blog\/o-governo-pode-cortar-a-internet\/","url_meta":{"origin":3759,"position":5},"title":"O governo pode cortar a internet?","author":"admin","date":"","format":false,"excerpt":"Com a greve dos caminhoneiros, muitas not\u00edcias falsas come\u00e7aram a circular pelas redes sociais. Entre elas, a not\u00edcia de que o governo ir\u00e1 cortar a internet de todo o Brasil no intuito de atrapalhar a comunica\u00e7\u00e3o entre os grevistas est\u00e1 sendo amplamente compartilhada pelo WhatsApp. Diversas entidades j\u00e1 se pronunciaram\u2026","rel":"","context":"Em &quot;Curiosidades&quot;","block_context":{"text":"Curiosidades","link":"https:\/\/eliezerladeira.com.br\/blog\/category\/curiosidades\/"},"img":{"alt_text":"","src":"https:\/\/i0.wp.com\/eliezerladeira.com.br\/blog\/wp-content\/uploads\/2018\/05\/207222.431254-Fake-news.jpg?resize=350%2C200&ssl=1","width":350,"height":200,"srcset":"https:\/\/i0.wp.com\/eliezerladeira.com.br\/blog\/wp-content\/uploads\/2018\/05\/207222.431254-Fake-news.jpg?resize=350%2C200&ssl=1 1x, https:\/\/i0.wp.com\/eliezerladeira.com.br\/blog\/wp-content\/uploads\/2018\/05\/207222.431254-Fake-news.jpg?resize=525%2C300&ssl=1 1.5x, https:\/\/i0.wp.com\/eliezerladeira.com.br\/blog\/wp-content\/uploads\/2018\/05\/207222.431254-Fake-news.jpg?resize=700%2C400&ssl=1 2x"},"classes":[]}],"_links":{"self":[{"href":"https:\/\/eliezerladeira.com.br\/blog\/wp-json\/wp\/v2\/posts\/3759","targetHints":{"allow":["GET"]}}],"collection":[{"href":"https:\/\/eliezerladeira.com.br\/blog\/wp-json\/wp\/v2\/posts"}],"about":[{"href":"https:\/\/eliezerladeira.com.br\/blog\/wp-json\/wp\/v2\/types\/post"}],"author":[{"embeddable":true,"href":"https:\/\/eliezerladeira.com.br\/blog\/wp-json\/wp\/v2\/users\/1"}],"replies":[{"embeddable":true,"href":"https:\/\/eliezerladeira.com.br\/blog\/wp-json\/wp\/v2\/comments?post=3759"}],"version-history":[{"count":1,"href":"https:\/\/eliezerladeira.com.br\/blog\/wp-json\/wp\/v2\/posts\/3759\/revisions"}],"predecessor-version":[{"id":3760,"href":"https:\/\/eliezerladeira.com.br\/blog\/wp-json\/wp\/v2\/posts\/3759\/revisions\/3760"}],"wp:attachment":[{"href":"https:\/\/eliezerladeira.com.br\/blog\/wp-json\/wp\/v2\/media?parent=3759"}],"wp:term":[{"taxonomy":"category","embeddable":true,"href":"https:\/\/eliezerladeira.com.br\/blog\/wp-json\/wp\/v2\/categories?post=3759"},{"taxonomy":"post_tag","embeddable":true,"href":"https:\/\/eliezerladeira.com.br\/blog\/wp-json\/wp\/v2\/tags?post=3759"}],"curies":[{"name":"wp","href":"https:\/\/api.w.org\/{rel}","templated":true}]}}