
{"id":4037,"date":"2025-03-03T10:32:05","date_gmt":"2025-03-03T13:32:05","guid":{"rendered":"http:\/\/eliezerladeira.com.br\/blog\/?p=4037"},"modified":"2025-03-03T10:32:05","modified_gmt":"2025-03-03T13:32:05","slug":"o-que-e-catarse","status":"publish","type":"post","link":"https:\/\/eliezerladeira.com.br\/blog\/o-que-e-catarse\/","title":{"rendered":"O que \u00e9 Catarse?"},"content":{"rendered":"<p>A catarse \u00e9 um conceito com ra\u00edzes na filosofia aristot\u00e9lica e que, ao longo do tempo, foi reinterpretado por diferentes \u00e1reas do conhecimento. Em termos gerais, refere-se a um processo de purifica\u00e7\u00e3o ou liberta\u00e7\u00e3o emocional, frequentemente associado \u00e0 arte, \u00e0 psicologia e \u00e0 sociologia.<\/p>\n<h4>Origem Filos\u00f3fica da Catarse<\/h4>\n<p>O termo &#8220;catarse&#8221; vem do grego &#8220;katharsis&#8221;, que significa &#8220;purifica\u00e7\u00e3o&#8221; ou &#8220;limpeza&#8221;. Arist\u00f3teles, em sua obra <em>Po\u00e9tica<\/em>, utilizou o conceito para descrever o efeito que a trag\u00e9dia tem sobre o espectador. Segundo ele, ao assistir a uma pe\u00e7a tr\u00e1gica, o p\u00fablico experimenta emo\u00e7\u00f5es como medo e compaix\u00e3o, o que leva a uma esp\u00e9cie de al\u00edvio ou purifica\u00e7\u00e3o dessas emo\u00e7\u00f5es. Esse processo permite uma reflex\u00e3o mais profunda sobre a condi\u00e7\u00e3o humana e seus dilemas.<\/p>\n<h4>A Evolu\u00e7\u00e3o do Conceito<\/h4>\n<p>Com o tempo, a ideia de catarse foi expandida para outras \u00e1reas. Na psican\u00e1lise, Sigmund Freud e Josef Breuer usaram o termo para descrever a libera\u00e7\u00e3o de emo\u00e7\u00f5es reprimidas durante o processo terap\u00eautico. Para eles, reviver eventos traum\u00e1ticos em um ambiente controlado permitia que o indiv\u00edduo processasse suas emo\u00e7\u00f5es de maneira mais saud\u00e1vel.<\/p>\n<p>J\u00e1 na sociologia, a catarse pode ser vista como um fen\u00f4meno coletivo. Grandes eventos sociais, manifesta\u00e7\u00f5es culturais e at\u00e9 mesmo rituais religiosos podem proporcionar uma catarse coletiva, ajudando grupos a processar tens\u00f5es e emo\u00e7\u00f5es compartilhadas.<\/p>\n<h4>Catarse na Cultura e na Arte<\/h4>\n<p>O conceito de catarse continua presente na arte contempor\u00e2nea. Filmes, livros e m\u00fasicas frequentemente despertam emo\u00e7\u00f5es intensas nos espectadores, levando-os a uma esp\u00e9cie de purifica\u00e7\u00e3o emocional. O cinema, por exemplo, pode proporcionar momentos de catarse ao permitir que o p\u00fablico se identifique com os personagens e suas jornadas emocionais.<\/p>\n<h4>Conclus\u00e3o<\/h4>\n<p>A catarse, seja no sentido filos\u00f3fico, psicol\u00f3gico ou social, continua sendo um elemento fundamental da experi\u00eancia humana. Seja por meio da arte, da terapia ou da intera\u00e7\u00e3o social, esse processo nos ajuda a compreender e lidar melhor com nossas emo\u00e7\u00f5es, promovendo crescimento pessoal e coletivo.<\/p>\n<p>&nbsp;<\/p>\n","protected":false},"excerpt":{"rendered":"<p>Catarse \u00e9 um conceito filos\u00f3fico de purifica\u00e7\u00e3o emocional, originado em Arist\u00f3teles e expandido para a psicologia e a arte. Descubra seu impacto na cultura e na vida cotidiana.<\/p>\n","protected":false},"author":1,"featured_media":4038,"comment_status":"open","ping_status":"open","sticky":false,"template":"","format":"standard","meta":{"colormag_page_layout":"default_layout","_exactmetrics_skip_tracking":false,"_exactmetrics_sitenote_active":false,"_exactmetrics_sitenote_note":"","_exactmetrics_sitenote_category":0,"ngg_post_thumbnail":0,"jetpack_post_was_ever_published":false,"_jetpack_newsletter_access":"","_jetpack_dont_email_post_to_subs":false,"_jetpack_newsletter_tier_id":0,"_jetpack_memberships_contains_paywalled_content":false,"_jetpack_memberships_contains_paid_content":false,"footnotes":"","jetpack_publicize_message":"","jetpack_publicize_feature_enabled":true,"jetpack_social_post_already_shared":true,"jetpack_social_options":{"image_generator_settings":{"template":"highway","default_image_id":0,"font":"","enabled":false},"version":2}},"categories":[175,149],"tags":[289,20,2239,2241,152,888,737,2240,2242,1373,481],"class_list":["post-4037","post","type-post","status-publish","format-standard","has-post-thumbnail","hentry","category-filosofia","category-o-que-e","tag-aristoteles","tag-arte","tag-catarse","tag-emocoes","tag-filosofia","tag-historia-da-filosofia","tag-o-que-e","tag-psicologia","tag-purificacao","tag-teatro","tag-tragedia"],"aioseo_notices":[],"jetpack_publicize_connections":[],"jetpack_featured_media_url":"https:\/\/eliezerladeira.com.br\/blog\/wp-content\/uploads\/2025\/03\/DALL\u00b7E-2025-03-03-10.30.13-A-symbolic-representation-of-catharsis-with-a-person-standing-on-a-cliff-overlooking-a-vast-and-stormy-sea.-The-figure-is-facing-away-arms-outstretc.jpg","jetpack_sharing_enabled":true,"jetpack_likes_enabled":true,"jetpack-related-posts":[{"id":1174,"url":"https:\/\/eliezerladeira.com.br\/blog\/o-que-e-filosofia\/","url_meta":{"origin":4037,"position":0},"title":"O que \u00e9 Filosofia","author":"admin","date":"","format":false,"excerpt":"Filosofia \u00e9 uma palavra grega que significa amor \u00e0 sabedoria e\u00a0consiste no estudo de problemas fundamentais\u00a0relacionados\u00a0\u00e0\u00a0exist\u00eancia, ao conhecimento,\u00a0\u00e0\u00a0verdade, aos valores morais e est\u00e9ticos,\u00a0\u00e0\u00a0mente e\u00a0\u00e0\u00a0linguagem. Fil\u00f3sofo \u00e9 um indiv\u00edduo que busca o conhecimento de si mesmo, sem uma vis\u00e3o pragm\u00e1tica, movido pela curiosidade e sobre os fundamentos da realidade. Al\u00e9m do\u2026","rel":"","context":"Em &quot;Filosofia&quot;","block_context":{"text":"Filosofia","link":"https:\/\/eliezerladeira.com.br\/blog\/category\/disciplinas\/filosofia\/"},"img":{"alt_text":"","src":"https:\/\/i0.wp.com\/eliezerladeira.com.br\/blog\/wp-content\/uploads\/2017\/10\/filosofia-fb.jpg?resize=350%2C200&ssl=1","width":350,"height":200,"srcset":"https:\/\/i0.wp.com\/eliezerladeira.com.br\/blog\/wp-content\/uploads\/2017\/10\/filosofia-fb.jpg?resize=350%2C200&ssl=1 1x, https:\/\/i0.wp.com\/eliezerladeira.com.br\/blog\/wp-content\/uploads\/2017\/10\/filosofia-fb.jpg?resize=525%2C300&ssl=1 1.5x, https:\/\/i0.wp.com\/eliezerladeira.com.br\/blog\/wp-content\/uploads\/2017\/10\/filosofia-fb.jpg?resize=700%2C400&ssl=1 2x"},"classes":[]},{"id":1411,"url":"https:\/\/eliezerladeira.com.br\/blog\/o-que-e-virtude\/","url_meta":{"origin":4037,"position":1},"title":"O que \u00e9 virtude?","author":"admin","date":"","format":false,"excerpt":"Virtude \u00e9 uma qualidade moral, um atributo positivo de um indiv\u00edduo. Virtude \u00e9 a disposi\u00e7\u00e3o de um indiv\u00edduo de praticar o bem. N\u00e3o \u00e9 apenas uma caracter\u00edstica, trata-se de uma verdadeira inclina\u00e7\u00e3o. Virtudes s\u00e3o todos os h\u00e1bitos constantes que levam o homem para o caminho do bem. H\u00e1\u00a0diferentes usos do\u2026","rel":"","context":"Em &quot;Filosofia&quot;","block_context":{"text":"Filosofia","link":"https:\/\/eliezerladeira.com.br\/blog\/category\/disciplinas\/filosofia\/"},"img":{"alt_text":"","src":"https:\/\/i0.wp.com\/eliezerladeira.com.br\/blog\/wp-content\/uploads\/2018\/09\/virtude.jpg?resize=350%2C200&ssl=1","width":350,"height":200,"srcset":"https:\/\/i0.wp.com\/eliezerladeira.com.br\/blog\/wp-content\/uploads\/2018\/09\/virtude.jpg?resize=350%2C200&ssl=1 1x, https:\/\/i0.wp.com\/eliezerladeira.com.br\/blog\/wp-content\/uploads\/2018\/09\/virtude.jpg?resize=525%2C300&ssl=1 1.5x, https:\/\/i0.wp.com\/eliezerladeira.com.br\/blog\/wp-content\/uploads\/2018\/09\/virtude.jpg?resize=700%2C400&ssl=1 2x"},"classes":[]},{"id":1456,"url":"https:\/\/eliezerladeira.com.br\/blog\/quem-foi-ptolomeu\/","url_meta":{"origin":4037,"position":2},"title":"Quem foi Ptolomeu?","author":"admin","date":"","format":false,"excerpt":"Cl\u00e1udio Ptolomeu (em grego,\u00a0Klaudios\u00a0Ptolemaios), tamb\u00e9m conhecido como Ptolomeu de Alexandria, foi um importante cientista grego, nascido no Egito e com cidadania romana que viveu entre os s\u00e9culos I e II d.C., contribuindo significativamente em \u00e1reas do conhecimento como a matem\u00e1tica (\u00e1lgebra, trigonometria, geometria), geografia, cartografia, astrologia, astronomia, \u00f3ptica e teoria\u2026","rel":"","context":"Em &quot;Cultura&quot;","block_context":{"text":"Cultura","link":"https:\/\/eliezerladeira.com.br\/blog\/category\/cultura\/"},"img":{"alt_text":"","src":"https:\/\/i0.wp.com\/eliezerladeira.com.br\/blog\/wp-content\/uploads\/2018\/09\/ptolomeu.jpg?resize=350%2C200&ssl=1","width":350,"height":200,"srcset":"https:\/\/i0.wp.com\/eliezerladeira.com.br\/blog\/wp-content\/uploads\/2018\/09\/ptolomeu.jpg?resize=350%2C200&ssl=1 1x, https:\/\/i0.wp.com\/eliezerladeira.com.br\/blog\/wp-content\/uploads\/2018\/09\/ptolomeu.jpg?resize=525%2C300&ssl=1 1.5x, https:\/\/i0.wp.com\/eliezerladeira.com.br\/blog\/wp-content\/uploads\/2018\/09\/ptolomeu.jpg?resize=700%2C400&ssl=1 2x"},"classes":[]},{"id":3268,"url":"https:\/\/eliezerladeira.com.br\/blog\/a-tecnica-do-absurdo-no-raciocinio-logico\/","url_meta":{"origin":4037,"position":3},"title":"A T\u00e9cnica do Absurdo no Racioc\u00ednio L\u00f3gico","author":"admin","date":"","format":false,"excerpt":"A t\u00e9cnica do absurdo no racioc\u00ednio l\u00f3gico desafia a coer\u00eancia dos argumentos, revelando inconsist\u00eancias e estimulando o pensamento cr\u00edtico. Descubra como essa abordagem \u00e9 usada na filosofia, matem\u00e1tica e at\u00e9 no humor!","rel":"","context":"Em &quot;Filosofia&quot;","block_context":{"text":"Filosofia","link":"https:\/\/eliezerladeira.com.br\/blog\/category\/disciplinas\/filosofia\/"},"img":{"alt_text":"","src":"https:\/\/i0.wp.com\/eliezerladeira.com.br\/blog\/wp-content\/uploads\/2025\/02\/Absurdo.jpg?resize=350%2C200&ssl=1","width":350,"height":200,"srcset":"https:\/\/i0.wp.com\/eliezerladeira.com.br\/blog\/wp-content\/uploads\/2025\/02\/Absurdo.jpg?resize=350%2C200&ssl=1 1x, https:\/\/i0.wp.com\/eliezerladeira.com.br\/blog\/wp-content\/uploads\/2025\/02\/Absurdo.jpg?resize=525%2C300&ssl=1 1.5x, https:\/\/i0.wp.com\/eliezerladeira.com.br\/blog\/wp-content\/uploads\/2025\/02\/Absurdo.jpg?resize=700%2C400&ssl=1 2x"},"classes":[]},{"id":791,"url":"https:\/\/eliezerladeira.com.br\/blog\/o-que-e-epistemologia\/","url_meta":{"origin":4037,"position":4},"title":"O que \u00e9 Epistemologia?","author":"admin","date":"","format":false,"excerpt":"[ratings] Epistemologia significa ci\u00eancia, conhecimento. \u00c9 o\u00a0estudo cient\u00edfico que trata dos problemas relacionados com a cren\u00e7a e o conhecimento, sua natureza e limita\u00e7\u00f5es. \u00c9 uma palavra que vem do grego. A epistemologia estuda a origem, a estrutura, os m\u00e9todos e a validade do conhecimento, e tamb\u00e9m \u00e9 conhecida como teoria\u2026","rel":"","context":"Em &quot;Filosofia&quot;","block_context":{"text":"Filosofia","link":"https:\/\/eliezerladeira.com.br\/blog\/category\/disciplinas\/filosofia\/"},"img":{"alt_text":"","src":"https:\/\/i0.wp.com\/eliezerladeira.com.br\/blog\/wp-content\/uploads\/2017\/09\/epistemologia.jpg?resize=350%2C200&ssl=1","width":350,"height":200,"srcset":"https:\/\/i0.wp.com\/eliezerladeira.com.br\/blog\/wp-content\/uploads\/2017\/09\/epistemologia.jpg?resize=350%2C200&ssl=1 1x, https:\/\/i0.wp.com\/eliezerladeira.com.br\/blog\/wp-content\/uploads\/2017\/09\/epistemologia.jpg?resize=525%2C300&ssl=1 1.5x, https:\/\/i0.wp.com\/eliezerladeira.com.br\/blog\/wp-content\/uploads\/2017\/09\/epistemologia.jpg?resize=700%2C400&ssl=1 2x"},"classes":[]},{"id":4877,"url":"https:\/\/eliezerladeira.com.br\/blog\/hinduismo-uma-jornada-pela-tradicao-filosofia-e-espiritualidade\/","url_meta":{"origin":4037,"position":5},"title":"Hindu\u00edsmo: Uma Jornada Pela Tradi\u00e7\u00e3o, Filosofia e Espiritualidade","author":"admin","date":"","format":false,"excerpt":"Descubra os principais aspectos do Hindu\u00edsmo: sua hist\u00f3ria, filosofia, divindades, pr\u00e1ticas espirituais e a rica diversidade que define essa tradi\u00e7\u00e3o milenar. Uma jornada pela espiritualidade e sabedoria hindu.","rel":"","context":"Em &quot;Hist\u00f3ria&quot;","block_context":{"text":"Hist\u00f3ria","link":"https:\/\/eliezerladeira.com.br\/blog\/category\/disciplinas\/historia2\/"},"img":{"alt_text":"","src":"https:\/\/i0.wp.com\/eliezerladeira.com.br\/blog\/wp-content\/uploads\/2025\/03\/21276f_db02eabfe7f9409e94fd5e631d4702a2mv2.jpg?resize=350%2C200&ssl=1","width":350,"height":200,"srcset":"https:\/\/i0.wp.com\/eliezerladeira.com.br\/blog\/wp-content\/uploads\/2025\/03\/21276f_db02eabfe7f9409e94fd5e631d4702a2mv2.jpg?resize=350%2C200&ssl=1 1x, https:\/\/i0.wp.com\/eliezerladeira.com.br\/blog\/wp-content\/uploads\/2025\/03\/21276f_db02eabfe7f9409e94fd5e631d4702a2mv2.jpg?resize=525%2C300&ssl=1 1.5x, https:\/\/i0.wp.com\/eliezerladeira.com.br\/blog\/wp-content\/uploads\/2025\/03\/21276f_db02eabfe7f9409e94fd5e631d4702a2mv2.jpg?resize=700%2C400&ssl=1 2x"},"classes":[]}],"_links":{"self":[{"href":"https:\/\/eliezerladeira.com.br\/blog\/wp-json\/wp\/v2\/posts\/4037","targetHints":{"allow":["GET"]}}],"collection":[{"href":"https:\/\/eliezerladeira.com.br\/blog\/wp-json\/wp\/v2\/posts"}],"about":[{"href":"https:\/\/eliezerladeira.com.br\/blog\/wp-json\/wp\/v2\/types\/post"}],"author":[{"embeddable":true,"href":"https:\/\/eliezerladeira.com.br\/blog\/wp-json\/wp\/v2\/users\/1"}],"replies":[{"embeddable":true,"href":"https:\/\/eliezerladeira.com.br\/blog\/wp-json\/wp\/v2\/comments?post=4037"}],"version-history":[{"count":2,"href":"https:\/\/eliezerladeira.com.br\/blog\/wp-json\/wp\/v2\/posts\/4037\/revisions"}],"predecessor-version":[{"id":4040,"href":"https:\/\/eliezerladeira.com.br\/blog\/wp-json\/wp\/v2\/posts\/4037\/revisions\/4040"}],"wp:featuredmedia":[{"embeddable":true,"href":"https:\/\/eliezerladeira.com.br\/blog\/wp-json\/wp\/v2\/media\/4038"}],"wp:attachment":[{"href":"https:\/\/eliezerladeira.com.br\/blog\/wp-json\/wp\/v2\/media?parent=4037"}],"wp:term":[{"taxonomy":"category","embeddable":true,"href":"https:\/\/eliezerladeira.com.br\/blog\/wp-json\/wp\/v2\/categories?post=4037"},{"taxonomy":"post_tag","embeddable":true,"href":"https:\/\/eliezerladeira.com.br\/blog\/wp-json\/wp\/v2\/tags?post=4037"}],"curies":[{"name":"wp","href":"https:\/\/api.w.org\/{rel}","templated":true}]}}