
{"id":794,"date":"2018-02-21T15:03:03","date_gmt":"2018-02-21T18:03:03","guid":{"rendered":"http:\/\/eliezerladeira.com.br\/blog\/?p=794"},"modified":"2018-08-31T16:14:01","modified_gmt":"2018-08-31T19:14:01","slug":"o-que-e-eviccao","status":"publish","type":"post","link":"https:\/\/eliezerladeira.com.br\/blog\/o-que-e-eviccao\/","title":{"rendered":"O que \u00e9 Evic\u00e7\u00e3o"},"content":{"rendered":"<p>[ratings]<\/p>\n<p>Evic\u00e7\u00e3o \u00e9 a perda total ou parcial de um bem adquirido em favor de um terceiro, que tem direito anterior, por decis\u00e3o judicial, relacionada a causas de um contrato.<\/p>\n<div id=\"article\" class=\"text-content\">\n<p>Para ficar mais claro, um exemplo \u00e9 quando algu\u00e9m vende algo para um indiv\u00edduo e descobre-se que o produto n\u00e3o pertencia a pessoa que vendeu e sim a uma terceira, ou seja, \u00e9 a venda de um produto que n\u00e3o lhe pertence.<\/p>\n<p>A pessoa que comprou o produto pode sofrer evic\u00e7\u00e3o e ir \u00e0 justi\u00e7a para restituir o bem \u00e0 pessoa que realmente \u00e9 a dona do produto, e a mesma tem direito a indeniza\u00e7\u00e3o pela pessoa que a vendeu, pelo preju\u00edzo sofrido.<\/p>\n<p>Para ocorrer uma evic\u00e7\u00e3o, existem alguns requisitos como: a onerosidade na aquisi\u00e7\u00e3o da coisa; a perda total ou parcial da propriedade, posse ou uso da coisa alienada; a ignor\u00e2ncia por parte do adquirente da litigiosidade da coisa; o direito do evictor anterior \u00e0 aliena\u00e7\u00e3o e a denuncia\u00e7\u00e3o da lide ao alienante.<\/p>\n<p>Um termo jur\u00eddico bastante ligado a evic\u00e7\u00e3o \u00e9 a denuncia\u00e7\u00e3o da lide, que \u00e9 quando chama-se o indiv\u00edduo que foi denunciado e que mant\u00e9m um v\u00ednculo de direito com a parte denunciante, para vir responder pela garantia do neg\u00f3cio jur\u00eddico, caso o denunciante saia vencido no processo. O processo de evic\u00e7\u00e3o vem a ocorrer nesse caso quando uma parte do processo lan\u00e7a m\u00e3o da lide e sucumbe perante a reivindica\u00e7\u00e3o da outra parte, ent\u00e3o o outro perde o direito de exercitar a evic\u00e7\u00e3o.<\/p>\n<p>A evic\u00e7\u00e3o\u00a0pode ocorrer no caso de v\u00e1rios bens adquiridos, incluindo os adquiridos em hasta p\u00fablica.<\/p>\n<h3>Evic\u00e7\u00e3o no C\u00f3digo Civil<\/h3>\n<p>No\u00a0c\u00f3digo civil brasileiro, a evic\u00e7\u00e3o \u00e9 abordada na Se\u00e7\u00e3o VI, nos artigos 447 at\u00e9 o artigo 457.<\/p>\n<\/div>\n","protected":false},"excerpt":{"rendered":"<p>[ratings] Evic\u00e7\u00e3o \u00e9 a perda total ou parcial de um bem adquirido em favor de um terceiro, que tem direito<\/p>\n","protected":false},"author":1,"featured_media":795,"comment_status":"open","ping_status":"open","sticky":false,"template":"","format":"standard","meta":{"colormag_page_layout":"default_layout","_exactmetrics_skip_tracking":false,"_exactmetrics_sitenote_active":false,"_exactmetrics_sitenote_note":"","_exactmetrics_sitenote_category":0,"ngg_post_thumbnail":0,"jetpack_post_was_ever_published":false,"_jetpack_newsletter_access":"","_jetpack_dont_email_post_to_subs":false,"_jetpack_newsletter_tier_id":0,"_jetpack_memberships_contains_paywalled_content":false,"_jetpack_memberships_contains_paid_content":false,"footnotes":"","jetpack_publicize_message":"","jetpack_publicize_feature_enabled":true,"jetpack_social_post_already_shared":true,"jetpack_social_options":{"image_generator_settings":{"template":"highway","default_image_id":0,"font":"","enabled":false},"version":2}},"categories":[149],"tags":[37,153,150],"class_list":["post-794","post","type-post","status-publish","format-standard","has-post-thumbnail","hentry","category-o-que-e","tag-curiosidades","tag-direito","tag-significados"],"aioseo_notices":[],"jetpack_publicize_connections":[],"jetpack_featured_media_url":"https:\/\/eliezerladeira.com.br\/blog\/wp-content\/uploads\/2017\/09\/eviccao.jpg","jetpack_sharing_enabled":true,"jetpack_likes_enabled":true,"jetpack-related-posts":[{"id":1542,"url":"https:\/\/eliezerladeira.com.br\/blog\/saiba-se-voce-e-viciado-em-facebook-fazendo-um-teste-rapido\/","url_meta":{"origin":794,"position":0},"title":"Saiba se voc\u00ea \u00e9 viciado em Facebook fazendo um teste r\u00e1pido","author":"admin","date":"","format":false,"excerpt":"Vivemos em um mundo cada vez mais digital e as novidades tecnol\u00f3gicas evoluem em um ritmo exponencial que atordoa a todos. Todo ano os h\u00e1bitos das pessoas s\u00e3o alterados drasticamente seguindo a onda das evolu\u00e7\u00f5es tecnol\u00f3gicas. Onde quer que\u00a0estivermos, se tirarmos o olho de nosso smartphone por dez segundos e\u2026","rel":"","context":"Em &quot;Curiosidades&quot;","block_context":{"text":"Curiosidades","link":"https:\/\/eliezerladeira.com.br\/blog\/category\/curiosidades\/"},"img":{"alt_text":"","src":"https:\/\/i0.wp.com\/eliezerladeira.com.br\/blog\/wp-content\/uploads\/2018\/09\/viciado-facebook.png?resize=350%2C200&ssl=1","width":350,"height":200,"srcset":"https:\/\/i0.wp.com\/eliezerladeira.com.br\/blog\/wp-content\/uploads\/2018\/09\/viciado-facebook.png?resize=350%2C200&ssl=1 1x, https:\/\/i0.wp.com\/eliezerladeira.com.br\/blog\/wp-content\/uploads\/2018\/09\/viciado-facebook.png?resize=525%2C300&ssl=1 1.5x, https:\/\/i0.wp.com\/eliezerladeira.com.br\/blog\/wp-content\/uploads\/2018\/09\/viciado-facebook.png?resize=700%2C400&ssl=1 2x"},"classes":[]},{"id":3966,"url":"https:\/\/eliezerladeira.com.br\/blog\/como-desmascarar-analises-fake-em-sites-de-vendas\/","url_meta":{"origin":794,"position":1},"title":"Como desmascarar an\u00e1lises \u201cfake\u201d em sites de\u00a0vendas?","author":"admin","date":"","format":false,"excerpt":"Chega o momento de comprar aquele notebook, mas voc\u00ea n\u00e3o sabe at\u00e9 que ponto \u00e9 poss\u00edvel confiar nos depoimentos publicados por \u201cconsumidores\u201d nos sites. Realmente \u00e9 preciso ter aten\u00e7\u00e3o para diferenciar as an\u00e1lises \u201caut\u00eanticas\u201d dos depoimentos falsos publicados por algu\u00e9m mal intencionado. O site\u00a0Consumerist, que defende direitos do consumidor, criou\u2026","rel":"","context":"Em &quot;Seguran\u00e7a Digital&quot;","block_context":{"text":"Seguran\u00e7a Digital","link":"https:\/\/eliezerladeira.com.br\/blog\/category\/tecnologia\/seguranca-digital\/"},"img":{"alt_text":"","src":"https:\/\/i0.wp.com\/netsysoft.wordpress.com\/wp-content\/uploads\/2010\/07\/teclado_getty_duvida.jpg?resize=350%2C200&ssl=1","width":350,"height":200},"classes":[]},{"id":4703,"url":"https:\/\/eliezerladeira.com.br\/blog\/10-grandes-fracassos-tecnologicos\/","url_meta":{"origin":794,"position":2},"title":"10 grandes fracassos\u00a0tecnol\u00f3gicos","author":"admin","date":"","format":false,"excerpt":"Praticamente todas as grandes empresas de tecnologia t\u00eam, em sua hist\u00f3ria, produtos sobre os quais preferem n\u00e3o falar. E isso inclui companhias bem sucedidas como Apple, Google e Sony. Em cada caso, \u00e9 poss\u00edvel identificar erros graves que transformaram boas ideias e tecnologias inovadoras em preju\u00edzos e frustra\u00e7\u00f5es. Alguns fabricantes\u2026","rel":"","context":"Em &quot;Tecnologia&quot;","block_context":{"text":"Tecnologia","link":"https:\/\/eliezerladeira.com.br\/blog\/category\/tecnologia\/"},"img":{"alt_text":"","src":"https:\/\/i0.wp.com\/netsysoft.wordpress.com\/wp-content\/uploads\/2012\/03\/steve-ballmer-20110717142040.jpg?resize=350%2C200&ssl=1","width":350,"height":200},"classes":[]},{"id":4693,"url":"https:\/\/eliezerladeira.com.br\/blog\/legendadores-piratas-trabalham-por-paixao-e-sem-ganhar-dinheiro-conheca-a-atividade\/","url_meta":{"origin":794,"position":3},"title":"\u201cLegendadores piratas\u201d trabalham por paix\u00e3o e sem ganhar dinheiro; conhe\u00e7a a\u00a0atividade","author":"admin","date":"","format":false,"excerpt":"Os legendadores j\u00e1 s\u00e3o populares na internet. N\u00e3o, n\u00e3o estamos falando dos profissionais, contratados pelas distribuidoras de filmes ou canais de TV por assinatura.\u00a0Nosso foco \u00e9 o submundo dos legendadores, que se organizam em grupos para realizar um trabalho an\u00f4nimo e altru\u00edsta. S\u00e3o mais de 30 equipes em todo o\u2026","rel":"","context":"Em &quot;Inform\u00e1tica&quot;","block_context":{"text":"Inform\u00e1tica","link":"https:\/\/eliezerladeira.com.br\/blog\/category\/informatica\/"},"img":{"alt_text":"","src":"https:\/\/i0.wp.com\/netsysoft.wordpress.com\/wp-content\/uploads\/2012\/01\/imagem-do-site-insubs-de-legenda.jpg?resize=350%2C200&ssl=1","width":350,"height":200},"classes":[]},{"id":4343,"url":"https:\/\/eliezerladeira.com.br\/blog\/servico-de-blog-gratuito-wordpress-sofre-invasao-de-hackers\/","url_meta":{"origin":794,"position":4},"title":"Servi\u00e7o de blog gratuito WordPress sofre invas\u00e3o de\u00a0hackers","author":"admin","date":"","format":false,"excerpt":"Invasores conseguiram acesso total a \u201cv\u00e1rios servidores\u201d do servi\u00e7o de blogs\u00a0WordPress, de acordo com um comunicado escrito por Matt Mullenweg, respons\u00e1vel pelo servi\u00e7o. \u201cPotencialmente qualquer coisa nesses servidores pode ter sido revelada\u201d, escreveu. A Automattic, que opera o servi\u00e7o, ainda est\u00e1 investigando como a invas\u00e3o ocorreu e quais dados podem\u2026","rel":"","context":"Em &quot;Internet&quot;","block_context":{"text":"Internet","link":"https:\/\/eliezerladeira.com.br\/blog\/category\/tecnologia\/internet\/"},"img":{"alt_text":"","src":"","width":0,"height":0},"classes":[]},{"id":3780,"url":"https:\/\/eliezerladeira.com.br\/blog\/morte-na-vida-real-ainda-deixa-duvidas-sobre-o-que-fazer-com-o-legado-virtual\/","url_meta":{"origin":794,"position":5},"title":"Morte na vida real ainda deixa d\u00favidas sobre o que fazer com o legado\u00a0virtual","author":"admin","date":"","format":false,"excerpt":"P\u00e1gina de adolescente que morreu mostra recados tanto de adeus como convites para balada Se lidar com a morte na vida real j\u00e1 \u00e9 dif\u00edcil, a situa\u00e7\u00e3o tamb\u00e9m pode ser complicada no mundo online. Transportamos parte de nossas vidas para perfis e blogs na internet, sem uma preocupa\u00e7\u00e3o real de\u2026","rel":"","context":"Em &quot;Seguran\u00e7a Digital&quot;","block_context":{"text":"Seguran\u00e7a Digital","link":"https:\/\/eliezerladeira.com.br\/blog\/category\/tecnologia\/seguranca-digital\/"},"img":{"alt_text":"","src":"https:\/\/i0.wp.com\/netsysoft.wordpress.com\/wp-content\/uploads\/2010\/05\/posts-orkut-falecido-1269557815759_615x300.jpg?resize=350%2C200&ssl=1","width":350,"height":200},"classes":[]}],"_links":{"self":[{"href":"https:\/\/eliezerladeira.com.br\/blog\/wp-json\/wp\/v2\/posts\/794","targetHints":{"allow":["GET"]}}],"collection":[{"href":"https:\/\/eliezerladeira.com.br\/blog\/wp-json\/wp\/v2\/posts"}],"about":[{"href":"https:\/\/eliezerladeira.com.br\/blog\/wp-json\/wp\/v2\/types\/post"}],"author":[{"embeddable":true,"href":"https:\/\/eliezerladeira.com.br\/blog\/wp-json\/wp\/v2\/users\/1"}],"replies":[{"embeddable":true,"href":"https:\/\/eliezerladeira.com.br\/blog\/wp-json\/wp\/v2\/comments?post=794"}],"version-history":[{"count":1,"href":"https:\/\/eliezerladeira.com.br\/blog\/wp-json\/wp\/v2\/posts\/794\/revisions"}],"predecessor-version":[{"id":796,"href":"https:\/\/eliezerladeira.com.br\/blog\/wp-json\/wp\/v2\/posts\/794\/revisions\/796"}],"wp:featuredmedia":[{"embeddable":true,"href":"https:\/\/eliezerladeira.com.br\/blog\/wp-json\/wp\/v2\/media\/795"}],"wp:attachment":[{"href":"https:\/\/eliezerladeira.com.br\/blog\/wp-json\/wp\/v2\/media?parent=794"}],"wp:term":[{"taxonomy":"category","embeddable":true,"href":"https:\/\/eliezerladeira.com.br\/blog\/wp-json\/wp\/v2\/categories?post=794"},{"taxonomy":"post_tag","embeddable":true,"href":"https:\/\/eliezerladeira.com.br\/blog\/wp-json\/wp\/v2\/tags?post=794"}],"curies":[{"name":"wp","href":"https:\/\/api.w.org\/{rel}","templated":true}]}}